{"id":1212,"date":"2025-03-28T14:21:19","date_gmt":"2025-03-28T13:21:19","guid":{"rendered":"https:\/\/wir-entsorgen-sorgen.de\/?p=1212"},"modified":"2025-03-18T13:04:29","modified_gmt":"2025-03-18T12:04:29","slug":"profi-fuer-neubau-budenheim","status":"publish","type":"post","link":"https:\/\/wir-entsorgen-sorgen.de\/tr\/bauunternehmen\/profi-fuer-neubau-budenheim\/","title":{"rendered":"Budenheim'da in\u015faat m\u00fcteahhitleri"},"content":{"rendered":"<p><strong>Wir Entsorgen <a href=\"https:\/\/wir-entsorgen-sorgen.de\/tr\/\">Endi\u015feler<\/a>: Ihr Baupionier im malerischen Budenheim<\/strong><\/p>\n<hr \/>\n<p><img loading=\"lazy\" decoding=\"async\" class=\"alignnone wp-image-1336 size-gallery\" src=\"http:\/\/wir-entsorgen-sorgen.de\/wp-content\/uploads\/2023\/09\/laying-roof-tiles-2021-09-01-22-07-07-utc-845x684.jpg\" alt=\"\" width=\"845\" height=\"684\" srcset=\"https:\/\/wir-entsorgen-sorgen.de\/wp-content\/uploads\/2023\/09\/laying-roof-tiles-2021-09-01-22-07-07-utc-845x684.jpg 845w, https:\/\/wir-entsorgen-sorgen.de\/wp-content\/uploads\/2023\/09\/laying-roof-tiles-2021-09-01-22-07-07-utc-495x400.jpg 495w\" sizes=\"auto, (max-width: 845px) 100vw, 845px\" \/><\/p>\n<hr \/>\n<p><strong>Budenheim sizi bekliyor - Rheinland idilinin yenilik\u00e7i mimariyle bulu\u015ftu\u011fu yer!<\/strong><\/p>\n<p>G\u00f6rkemli Ren Nehri ve ye\u015fil manzaralar aras\u0131nda yer alan Budenheim, gelecekteki eviniz i\u00e7in ideal bir konum sunuyor. \"Wir Entsorgen Sorgen\" ile Budenheim'\u0131n geleneksel i\u015f\u00e7ili\u011fini \u00e7a\u011fda\u015f mimari ile birle\u015ftirerek yeni in\u015fa projenizi hayata ge\u00e7iriyoruz.<\/p>\n<hr \/>\n<p><strong>Uzmanl\u0131k alanlar\u0131m\u0131z:<\/strong><\/p>\n<p>\ud83d\udd36 <strong>K\u00f6kleri Budenheim'a dayan\u0131r:<\/strong> Yerel bir \u015firket olarak Budenheim'\u0131n benzersizli\u011fine ve karakterine de\u011fer veriyoruz.<\/p>\n<p>\ud83d\udd36 <strong><a href=\"https:\/\/www.sorglos-bauen.gmbh\/leistung\/\">Meisterliche<\/a> Bauqualit\u00e4t:<\/strong> \u0130n\u015faat projelerimiz en y\u00fcksek standartlar\u0131, tutarl\u0131l\u0131\u011f\u0131 ve derin bir detay anlay\u0131\u015f\u0131n\u0131 yans\u0131tmaktad\u0131r.<\/p>\n<p>\ud83d\udd36 <strong>Bireysel yakla\u015f\u0131m:<\/strong> Her hayal, ki\u015fiye \u00f6zel bir ger\u00e7ekle\u015ftirmeyi hak eder. Vizyonunuza g\u00f6re tasarl\u0131yor ve in\u015fa ediyoruz.<\/p>\n<hr \/>\n<p><strong>Kapsaml\u0131 hizmet portf\u00f6y\u00fcm\u00fcz:<\/strong><\/p>\n<p>\ud83d\udd39 <strong><a href=\"https:\/\/www.badfix.gmbh\/\">Dan\u0131\u015fmanl\u0131k<\/a> &amp; <a href=\"https:\/\/www.schwaebisch-hall.de\/ratgeber\/sanieren-und-modernisieren\/energetische-sanierung\/gebaeudeenergiegesetz.html\">Planlama<\/a>:<\/strong> Budenheim'daki in\u015faat projeniz i\u00e7in ideal konsepti \u00e7izmek i\u00e7in sizinle el ele \u00e7al\u0131\u015f\u0131yoruz.<\/p>\n<p>\ud83d\udd39 <strong>Bina ger\u00e7ekle\u015ftirme:<\/strong> Geli\u015fmi\u015f teknikler ve birinci s\u0131n\u0131f malzemeler kullanarak in\u015faat planlar\u0131n\u0131z\u0131 ger\u00e7ekle\u015ftiriyoruz.<\/p>\n<p>\ud83d\udd39 <strong><a href=\"https:\/\/www.youtube.com\/watch?v=ttz54uEL54k&amp;ab_channel=BR24\">Innenausstattung<\/a>:<\/strong> Oda akusti\u011finden ayd\u0131nlatma konseptine kadar konfor ve stili birle\u015ftiren bir ambiyans yarat\u0131yoruz.<\/p>\n<p>\ud83d\udd39 <strong>D\u0131\u015f tasar\u0131m:<\/strong> \u0130ster mis kokulu bir g\u00fcl bah\u00e7esi, ister geni\u015f bir teras ya da rahat bir k\u0131\u015f bah\u00e7esi olsun - a\u00e7\u0131k alan\u0131n\u0131z\u0131 \u00f6l\u00e7\u00fcye g\u00f6re tasarl\u0131yoruz.<\/p>\n<hr \/>\n<p><strong>Budenheim'daki in\u015faat projeniz burada ba\u015fl\u0131yor!<\/strong><\/p>\n<p>\"Wir Entsorgen Sorgen\" ile Budenheim'da size \u00f6zel in\u015faat projenizi tasarlay\u0131n. \u0130leti\u015fime ge\u00e7in ve hayalinizdeki ev i\u00e7in \u00e7al\u0131\u015fmaya ba\u015flay\u0131n.<\/p>\n<hr \/>\n<p><strong>Bizimle ileti\u015fime ge\u00e7in!<\/strong><\/p>\n<ul>\n<li><strong>Telefon:<\/strong> 0800 6363 8737<\/li>\n<li><strong>E-posta:<\/strong> <a href=\"\/tr\/&\/#x6d;&#97;i&#x6c;&#x74;&#111;:&#x69;&#110;f&#x6f;&#x40;&#119;i&#x72;&#45;e&#x6e;&#x74;&#115;o&#x72;&#x67;&#101;&#x6e;&#x2d;&#115;o&#x72;&#x67;&#101;n&#x2e;&#100;e\" target=\"_new\" rel=\"noopener\">&#x69;&#x6e;&#x66;&#x6f;&#x40;&#x77;&#x69;&#x72;&#x2d;&#x65;&#x6e;&#x74;&#x73;&#x6f;&#114;&#103;&#101;&#110;&#45;&#115;&#111;&#114;&#103;&#101;&#110;&#46;de<\/a><\/li>\n<li><strong>Adres:<\/strong> Alzeyer Strasse 12, 55457 Gensingen<\/li>\n<\/ul>","protected":false},"excerpt":{"rendered":"<p>Wir Entsorgen Sorgen: Ihr Baupionier im malerischen Budenheim Budenheim erwartet Sie \u2013 wo rheinl\u00e4ndische Idylle auf innovative Baukunst trifft! Eingebettet zwischen dem majest\u00e4tischen Rhein und gr\u00fcnen Landschaften, bietet Budenheim den idealen Standort f\u00fcr Ihr zuk\u00fcnftiges Heim. Mit &#8222;Wir Entsorgen Sorgen&#8220; verkn\u00fcpfen wir Budenheimer Handwerkstradition mit zeitgen\u00f6ssischer Baukunst, um Ihr Neubauprojekt zum Leben zu erwecken. Unsere [&hellip;]<\/p>\n","protected":false},"author":4,"featured_media":1312,"comment_status":"open","ping_status":"open","sticky":false,"template":"","format":"standard","meta":{"footnotes":""},"categories":[10],"tags":[],"class_list":["post-1212","post","type-post","status-publish","format-standard","has-post-thumbnail","hentry","category-bauunternehmen"],"_links":{"self":[{"href":"https:\/\/wir-entsorgen-sorgen.de\/tr\/wp-json\/wp\/v2\/posts\/1212","targetHints":{"allow":["GET"]}}],"collection":[{"href":"https:\/\/wir-entsorgen-sorgen.de\/tr\/wp-json\/wp\/v2\/posts"}],"about":[{"href":"https:\/\/wir-entsorgen-sorgen.de\/tr\/wp-json\/wp\/v2\/types\/post"}],"author":[{"embeddable":true,"href":"https:\/\/wir-entsorgen-sorgen.de\/tr\/wp-json\/wp\/v2\/users\/4"}],"replies":[{"embeddable":true,"href":"https:\/\/wir-entsorgen-sorgen.de\/tr\/wp-json\/wp\/v2\/comments?post=1212"}],"version-history":[{"count":8,"href":"https:\/\/wir-entsorgen-sorgen.de\/tr\/wp-json\/wp\/v2\/posts\/1212\/revisions"}],"predecessor-version":[{"id":3506,"href":"https:\/\/wir-entsorgen-sorgen.de\/tr\/wp-json\/wp\/v2\/posts\/1212\/revisions\/3506"}],"wp:featuredmedia":[{"embeddable":true,"href":"https:\/\/wir-entsorgen-sorgen.de\/tr\/wp-json\/wp\/v2\/media\/1312"}],"wp:attachment":[{"href":"https:\/\/wir-entsorgen-sorgen.de\/tr\/wp-json\/wp\/v2\/media?parent=1212"}],"wp:term":[{"taxonomy":"category","embeddable":true,"href":"https:\/\/wir-entsorgen-sorgen.de\/tr\/wp-json\/wp\/v2\/categories?post=1212"},{"taxonomy":"post_tag","embeddable":true,"href":"https:\/\/wir-entsorgen-sorgen.de\/tr\/wp-json\/wp\/v2\/tags?post=1212"}],"curies":[{"name":"wp","href":"https:\/\/api.w.org\/{rel}","templated":true}]}}