{"id":1485,"date":"2025-04-24T12:08:34","date_gmt":"2025-04-24T11:08:34","guid":{"rendered":"https:\/\/wir-entsorgen-sorgen.de\/?p=1485"},"modified":"2025-03-18T13:59:06","modified_gmt":"2025-03-18T12:59:06","slug":"experten-asbestsanierung-in-hoehr-grenzhausen","status":"publish","type":"post","link":"https:\/\/wir-entsorgen-sorgen.de\/tr\/asbestsanierung\/experten-asbestsanierung-in-hoehr-grenzhausen\/","title":{"rendered":"H\u00f6hr-Grenzhausen'de asbest s\u00f6k\u00fcm\u00fc"},"content":{"rendered":"<h2><strong>H\u00f6hr-Grenzhausen'de asbest s\u00f6k\u00fcm\u00fc konusunda hassasiyet sahibi uzman\u0131n\u0131z<\/strong><\/h2>\n<p>\"Biz\" e ho\u015f geldiniz <a href=\"https:\/\/wir-entsorgen-sorgen.de\/tr\/category\/blog\/\">Bertaraf<\/a> Sorgen\", g\u00fcvenilir ve empatik orta\u011f\u0131n\u0131z <a href=\"https:\/\/www.sorglos-bauen.gmbh\/blog\/\">Asbest s\u00f6k\u00fcm\u00fc<\/a> H\u00f6hr-Grenzhausen'de. Biz sadece teknik uzmanlar\u0131n\u0131z de\u011fil, ayn\u0131 zamanda t\u00fcm s\u00fcre\u00e7 boyunca size rehberlik edecek insan deste\u011finiziz. <a href=\"https:\/\/www.youtube.com\/watch?v=-vNWxcpJ5Eg&amp;ab_channel=Saarl%C3%A4ndischerRundfunk\">Asbest s\u00f6k\u00fcm\u00fc<\/a> Hem asbesti hem de endi\u015felerinizi bertaraf ederek.<\/p>\n<p><img loading=\"lazy\" decoding=\"async\" class=\"size-medium wp-image-1487\" src=\"http:\/\/wir-entsorgen-sorgen.de\/wp-content\/uploads\/2023\/10\/asbestos-chrysotile-fibers-2023-01-17-16-19-39-utc-300x199.jpeg\" alt=\"\" width=\"300\" height=\"199\" srcset=\"https:\/\/wir-entsorgen-sorgen.de\/wp-content\/uploads\/2023\/10\/asbestos-chrysotile-fibers-2023-01-17-16-19-39-utc-300x199.jpeg 300w, https:\/\/wir-entsorgen-sorgen.de\/wp-content\/uploads\/2023\/10\/asbestos-chrysotile-fibers-2023-01-17-16-19-39-utc-1030x684.jpeg 1030w, https:\/\/wir-entsorgen-sorgen.de\/wp-content\/uploads\/2023\/10\/asbestos-chrysotile-fibers-2023-01-17-16-19-39-utc-768x510.jpeg 768w, https:\/\/wir-entsorgen-sorgen.de\/wp-content\/uploads\/2023\/10\/asbestos-chrysotile-fibers-2023-01-17-16-19-39-utc-1536x1020.jpeg 1536w, https:\/\/wir-entsorgen-sorgen.de\/wp-content\/uploads\/2023\/10\/asbestos-chrysotile-fibers-2023-01-17-16-19-39-utc-2048x1360.jpeg 2048w, https:\/\/wir-entsorgen-sorgen.de\/wp-content\/uploads\/2023\/10\/asbestos-chrysotile-fibers-2023-01-17-16-19-39-utc-1500x996.jpeg 1500w, https:\/\/wir-entsorgen-sorgen.de\/wp-content\/uploads\/2023\/10\/asbestos-chrysotile-fibers-2023-01-17-16-19-39-utc-705x468.jpeg 705w\" sizes=\"auto, (max-width: 300px) 100vw, 300px\" \/><\/p>\n<h3><strong>Asbest: g\u00f6r\u00fcnmez ama tehlikeli bir d\u00fc\u015fman<\/strong><\/h3>\n<p><a href=\"https:\/\/de.wikipedia.org\/wiki\/Asbest\">Asbest<\/a>Bir zamanlar yang\u0131na dayan\u0131kl\u0131 ve yal\u0131tkan \u00f6zellikleri nedeniyle \u00f6d\u00fcllendirilen kire\u00e7 art\u0131k ciddi bir sa\u011fl\u0131k tehlikesi olarak kabul edilmektedir. G\u00f6r\u00fcnmez lifler solundu\u011funda ciddi ve uzun vadeli sa\u011fl\u0131k hasarlar\u0131na neden olabilir, bu da g\u00fcvenli ve profesyonel bir \u015fekilde \u00e7\u0131kar\u0131lmas\u0131n\u0131 ve bertaraf edilmesini gerekli k\u0131lar.<\/p>\n<h3><strong>Bir bak\u0131\u015fta hizmetlerimiz<\/strong><\/h3>\n<ul>\n<li>\ud83d\udd0d <strong>Asbest denetimi:<\/strong> M\u00fclk\u00fcn\u00fczdeki asbest i\u00e7eren malzemelerin kapsaml\u0131 bir \u015fekilde belirlenmesi ve de\u011ferlendirilmesi.<\/li>\n<li>\ud83d\uddd2 <strong>Planlama ve dan\u0131\u015fmanl\u0131k:<\/strong> \u00d6zelle\u015ftirilmi\u015f olu\u015fturma, <a href=\"https:\/\/www.bundesregierung.de\/breg-de\/aktuelles\/neubau-und-sanierung-foerdern-2038426\">yasal<\/a> uyumlu ve <a href=\"https:\/\/www.kfw.de\/inlandsfoerderung\/Privatpersonen\/Bestehende-Immobilie\/F%C3%B6rderprodukte\/Energieeffizient-Sanieren-Baubegleitung-(431)\/\">g\u00fcvenlikle ilgili<\/a> reorganizasyon kavramlar\u0131.<\/li>\n<li>\ud83d\udeaf <strong>Profesyonel s\u00f6k\u00fcm:<\/strong> En son teknoloji kullan\u0131larak asbestin g\u00fcvenli ve etkili bir \u015fekilde s\u00f6k\u00fclmesi ve bertaraf edilmesi.<\/li>\n<li>\ud83d\udd04 <strong><a href=\"https:\/\/www.badfix.gmbh\/\">Yenileme<\/a>:<\/strong> Yenilenmi\u015f alanlar\u0131n komple restorasyonu ve yenilenmesi.<\/li>\n<\/ul>\n<h3><strong>\"Wir Entsorgen Sorgen\" H\u00f6hr-Grenzhausen'de neden ilk tercihiniz?<\/strong><\/h3>\n<ul>\n<li>\ud83d\udccd <strong>Yerel uzmanl\u0131k:<\/strong> H\u00f6hr-Grenzhausen'deki \u00f6zel ko\u015fullar hakk\u0131ndaki bilgi birikimimiz, yenileme projelerinin verimli ve hedefe y\u00f6nelik bir \u015fekilde uygulanmas\u0131n\u0131 sa\u011flar.<\/li>\n<li>\ud83c\udf93 <strong>Sertifikal\u0131 uzmanlar:<\/strong> Sertifikal\u0131 asbest s\u00f6k\u00fcm uzmanlar\u0131ndan olu\u015fan ekibimiz, i\u015fin en y\u00fcksek kalite ve g\u00fcvenlik standartlar\u0131nda y\u00fcr\u00fct\u00fclmesini sa\u011flar.<\/li>\n<li>\ud83d\uded1 <strong>\u00d6nce g\u00fcvenlik:<\/strong> M\u00fc\u015fterileri, \u00e7al\u0131\u015fanlar\u0131 ve \u00e7evreyi korumak i\u00e7in s\u0131k\u0131 g\u00fcvenlik protokolleri uyguluyoruz.<\/li>\n<li>\ud83d\udde3 <strong>\u015eeffaf ileti\u015fim:<\/strong> T\u00fcm yeniden yap\u0131lanma s\u00fcreci boyunca a\u00e7\u0131k bir ileti\u015fim sa\u011fl\u0131yoruz.<\/li>\n<\/ul>\n<h3><strong>Bizimle ileti\u015fime ge\u00e7in ve asbestsiz bir gelece\u011fe do\u011fru ilk ad\u0131m\u0131 at\u0131n<\/strong><\/h3>\n<p>\"Wir Entsorgen Sorgen\", H\u00f6hr-Grenzhausen ve \u00e7evresinde asbest s\u00f6k\u00fcm\u00fcnde en y\u00fcksek kalite, g\u00fcvenlik ve g\u00fcvenilirli\u011fi temsil eder. Y\u00fck\u00fcml\u00fcl\u00fck i\u00e7ermeyen bir ilk dan\u0131\u015fma i\u00e7in bug\u00fcn bize ula\u015f\u0131n ve birlikte g\u00fcvenli, asbestsiz bir gelece\u011fe giden yolu a\u00e7al\u0131m.<\/p>\n<p><strong>Telefon:<\/strong> 0800 6363 8737<br \/>\n<strong>E-posta:<\/strong> <a href=\"\/tr\/&\/#x6d;a&#x69;&#108;t&#x6f;&#58;&#x69;&#110;f&#x6f;&#64;&#x77;&#105;r&#x2d;&#101;&#x6e;&#x74;s&#x6f;&#114;g&#x65;&#110;&#x2d;&#115;o&#x72;&#103;&#x65;&#110;&#46;&#x64;&#101;\" target=\"_new\" rel=\"noopener\">&#105;&#x6e;&#x66;&#111;&#x40;&#x77;i&#x72;&#x2d;e&#110;&#x74;s&#111;&#x72;g&#101;&#x6e;-&#115;&#x6f;r&#103;&#x65;&#x6e;&#46;&#x64;&#x65;<\/a><br \/>\n<strong>Adres:<\/strong> Alzeyer Strasse 12, 55457 Gensingen<\/p>","protected":false},"excerpt":{"rendered":"<p>Ihr Spezialist mit Feingef\u00fchl f\u00fcr Asbestsanierung in H\u00f6hr-Grenzhausen Willkommen bei \u201eWir Entsorgen Sorgen\u201c, Ihrem zuverl\u00e4ssigen und empathischen Partner f\u00fcr Asbestsanierung in H\u00f6hr-Grenzhausen. Wir sind nicht nur Ihre technischen Experten, sondern auch Ihr menschlicher Beistand, der Sie durch den gesamten Prozess der Asbestsanierung begleitet, indem wir sowohl das Asbest als auch Ihre Sorgen entsorgen. Asbest: Ein [&hellip;]<\/p>\n","protected":false},"author":4,"featured_media":1486,"comment_status":"open","ping_status":"open","sticky":false,"template":"","format":"standard","meta":{"footnotes":""},"categories":[1],"tags":[],"class_list":["post-1485","post","type-post","status-publish","format-standard","has-post-thumbnail","hentry","category-asbestsanierung"],"_links":{"self":[{"href":"https:\/\/wir-entsorgen-sorgen.de\/tr\/wp-json\/wp\/v2\/posts\/1485","targetHints":{"allow":["GET"]}}],"collection":[{"href":"https:\/\/wir-entsorgen-sorgen.de\/tr\/wp-json\/wp\/v2\/posts"}],"about":[{"href":"https:\/\/wir-entsorgen-sorgen.de\/tr\/wp-json\/wp\/v2\/types\/post"}],"author":[{"embeddable":true,"href":"https:\/\/wir-entsorgen-sorgen.de\/tr\/wp-json\/wp\/v2\/users\/4"}],"replies":[{"embeddable":true,"href":"https:\/\/wir-entsorgen-sorgen.de\/tr\/wp-json\/wp\/v2\/comments?post=1485"}],"version-history":[{"count":4,"href":"https:\/\/wir-entsorgen-sorgen.de\/tr\/wp-json\/wp\/v2\/posts\/1485\/revisions"}],"predecessor-version":[{"id":3544,"href":"https:\/\/wir-entsorgen-sorgen.de\/tr\/wp-json\/wp\/v2\/posts\/1485\/revisions\/3544"}],"wp:featuredmedia":[{"embeddable":true,"href":"https:\/\/wir-entsorgen-sorgen.de\/tr\/wp-json\/wp\/v2\/media\/1486"}],"wp:attachment":[{"href":"https:\/\/wir-entsorgen-sorgen.de\/tr\/wp-json\/wp\/v2\/media?parent=1485"}],"wp:term":[{"taxonomy":"category","embeddable":true,"href":"https:\/\/wir-entsorgen-sorgen.de\/tr\/wp-json\/wp\/v2\/categories?post=1485"},{"taxonomy":"post_tag","embeddable":true,"href":"https:\/\/wir-entsorgen-sorgen.de\/tr\/wp-json\/wp\/v2\/tags?post=1485"}],"curies":[{"name":"wp","href":"https:\/\/api.w.org\/{rel}","templated":true}]}}