{"id":1495,"date":"2025-04-28T12:20:55","date_gmt":"2025-04-28T11:20:55","guid":{"rendered":"https:\/\/wir-entsorgen-sorgen.de\/?p=1495"},"modified":"2025-03-18T14:06:13","modified_gmt":"2025-03-18T13:06:13","slug":"experten-asbestsanierung-in-kirn","status":"publish","type":"post","link":"https:\/\/wir-entsorgen-sorgen.de\/tr\/asbestsanierung\/experten-asbestsanierung-in-kirn\/","title":{"rendered":"Kirn'de asbest s\u00f6k\u00fcm\u00fc i\u00e7in uzman"},"content":{"rendered":"<h2><strong>\u00a0Kirn'de asbest s\u00f6k\u00fcm\u00fc konusunda hassasiyet sahibi uzman\u0131n\u0131z<\/strong><\/h2>\n<p>\"Biz\" e ho\u015f geldiniz <a href=\"https:\/\/wir-entsorgen-sorgen.de\/tr\/category\/blog\/\">Bertaraf<\/a> Sorgen\", Kirn'de asbest s\u00f6k\u00fcm\u00fc i\u00e7in uzman\u0131n\u0131z. Biz sadece teknik uzmanlar\u0131n\u0131z de\u011fil, ayn\u0131 zamanda insan deste\u011finiziz ve hem asbesti hem de endi\u015felerinizi bertaraf ederek t\u00fcm asbest s\u00f6k\u00fcm s\u00fcreci boyunca size rehberlik ediyoruz.<\/p>\n<h3><strong>Asbest: g\u00f6r\u00fcnmez ama tehlikeli bir d\u00fc\u015fman<\/strong><\/h3>\n<p><a href=\"https:\/\/de.wikipedia.org\/wiki\/Asbest\">Asbest<\/a>Bir zamanlar ate\u015fe dayan\u0131kl\u0131 ve yal\u0131tkan \u00f6zellikleri nedeniyle \u00f6d\u00fcllendirilen bu \u00fcr\u00fcn, art\u0131k ciddi bir sa\u011fl\u0131k tehlikesi olarak kabul edilmektedir. G\u00f6r\u00fcnmez lifler, solundu\u011funda ciddi ve uzun vadeli sa\u011fl\u0131k sorunlar\u0131na neden olabilir. <a href=\"https:\/\/www.youtube.com\/watch?v=-vNWxcpJ5Eg&amp;ab_channel=Saarl%C3%A4ndischerRundfunk\">Sa\u011fl\u0131\u011fa zarar<\/a> Bu da g\u00fcvenli ve profesyonel s\u00f6k\u00fcm ve bertaraf\u0131 gerekli k\u0131lmaktad\u0131r.<\/p>\n<p><img loading=\"lazy\" decoding=\"async\" class=\"size-medium wp-image-1496\" src=\"http:\/\/wir-entsorgen-sorgen.de\/wp-content\/uploads\/2023\/10\/asbestos-chrysotile-fibers-2022-12-20-12-41-43-utc-300x199.jpg\" alt=\"\" width=\"300\" height=\"199\" srcset=\"https:\/\/wir-entsorgen-sorgen.de\/wp-content\/uploads\/2023\/10\/asbestos-chrysotile-fibers-2022-12-20-12-41-43-utc-300x199.jpg 300w, https:\/\/wir-entsorgen-sorgen.de\/wp-content\/uploads\/2023\/10\/asbestos-chrysotile-fibers-2022-12-20-12-41-43-utc-1030x684.jpg 1030w, https:\/\/wir-entsorgen-sorgen.de\/wp-content\/uploads\/2023\/10\/asbestos-chrysotile-fibers-2022-12-20-12-41-43-utc-768x510.jpg 768w, https:\/\/wir-entsorgen-sorgen.de\/wp-content\/uploads\/2023\/10\/asbestos-chrysotile-fibers-2022-12-20-12-41-43-utc-1536x1020.jpg 1536w, https:\/\/wir-entsorgen-sorgen.de\/wp-content\/uploads\/2023\/10\/asbestos-chrysotile-fibers-2022-12-20-12-41-43-utc-2048x1360.jpg 2048w, https:\/\/wir-entsorgen-sorgen.de\/wp-content\/uploads\/2023\/10\/asbestos-chrysotile-fibers-2022-12-20-12-41-43-utc-1500x996.jpg 1500w, https:\/\/wir-entsorgen-sorgen.de\/wp-content\/uploads\/2023\/10\/asbestos-chrysotile-fibers-2022-12-20-12-41-43-utc-705x468.jpg 705w\" sizes=\"auto, (max-width: 300px) 100vw, 300px\" \/><\/p>\n<h3><strong>Bir bak\u0131\u015fta hizmetlerimiz<\/strong><\/h3>\n<ul>\n<li>\ud83d\udd0d <strong>Asbest denetimi:<\/strong> M\u00fclk\u00fcn\u00fczdeki asbest i\u00e7eren malzemelerin kapsaml\u0131 bir \u015fekilde belirlenmesi ve de\u011ferlendirilmesi.<\/li>\n<li>\ud83d\uddd2 <strong>Planlama ve dan\u0131\u015fmanl\u0131k:<\/strong> \u00d6zelle\u015ftirilmi\u015f olu\u015fturma, <a href=\"https:\/\/www.bundesregierung.de\/breg-de\/aktuelles\/neubau-und-sanierung-foerdern-2038426\">yasal<\/a> <a href=\"https:\/\/www.kfw.de\/inlandsfoerderung\/Privatpersonen\/Bestehende-Immobilie\/F%C3%B6rderprodukte\/Energieeffizient-Sanieren-Baubegleitung-(431)\/\">uyumlu<\/a> ve g\u00fcvenlik m\u00fchendisli\u011fi iyile\u015ftirme kavramlar\u0131.<\/li>\n<li>\ud83d\udeaf <strong>Profesyonel <a href=\"https:\/\/www.badfix.gmbh\/\">Mesafe<\/a>:<\/strong> En son teknoloji kullan\u0131larak asbestin g\u00fcvenli ve etkili bir \u015fekilde s\u00f6k\u00fclmesi ve bertaraf edilmesi.<\/li>\n<li>\ud83d\udd04 <strong>\u0130yile\u015ftirme:<\/strong> Komple restorasyon ve <a href=\"https:\/\/www.badfix.gmbh\/badsanierung\/badsanierung-mainz-ihre-erste-wahl-fuer-eine-badsanierungsfirma\/\">Yenileme<\/a> yenilenmi\u015f alanlar\u0131n.<\/li>\n<\/ul>\n<h3><strong>Neden \"Wir Entsorgen Sorgen\" Kirn'deki ilk tercihiniz?<\/strong><\/h3>\n<ul>\n<li>\ud83d\udccd <strong>Yerel uzmanl\u0131k:<\/strong> Kirn'deki \u00f6zel ko\u015fullar hakk\u0131ndaki bilgi birikimimiz, yenileme projelerinin verimli ve hedefe y\u00f6nelik bir \u015fekilde uygulanmas\u0131n\u0131 sa\u011flamaktad\u0131r.<\/li>\n<li>\ud83c\udf93 <strong>Sertifikal\u0131 uzmanlar:<\/strong> Sertifikal\u0131 asbest s\u00f6k\u00fcm uzmanlar\u0131ndan olu\u015fan ekibimiz, i\u015fin en y\u00fcksek kalite ve g\u00fcvenlik standartlar\u0131nda y\u00fcr\u00fct\u00fclmesini sa\u011flar.<\/li>\n<li>\ud83d\uded1 <strong>\u00d6nce g\u00fcvenlik:<\/strong> M\u00fc\u015fterileri, \u00e7al\u0131\u015fanlar\u0131 ve \u00e7evreyi korumak i\u00e7in s\u0131k\u0131 g\u00fcvenlik protokolleri uyguluyoruz.<\/li>\n<li>\ud83d\udde3 <strong>\u015eeffaf ileti\u015fim:<\/strong> T\u00fcm yeniden yap\u0131lanma s\u00fcreci boyunca a\u00e7\u0131k bir ileti\u015fim sa\u011fl\u0131yoruz.<\/li>\n<\/ul>\n<h3><strong>Bizimle ileti\u015fime ge\u00e7in ve asbestsiz bir gelece\u011fe do\u011fru ilk ad\u0131m\u0131 at\u0131n<\/strong><\/h3>\n<p>\"Wir Entsorgen Sorgen\" Kirn ve \u00e7evresinde asbest s\u00f6k\u00fcm\u00fcnde en y\u00fcksek kalite, g\u00fcvenlik ve g\u00fcvenilirlik anlam\u0131na gelir. Y\u00fck\u00fcml\u00fcl\u00fck i\u00e7ermeyen bir ilk dan\u0131\u015fma i\u00e7in bug\u00fcn bize ula\u015f\u0131n ve g\u00fcvenli, asbestsiz bir gelece\u011fe giden yola birlikte ba\u015flayal\u0131m.<\/p>\n<p><strong>Telefon:<\/strong> 0800 6363 8737<br \/>\n<strong>E-posta:<\/strong> <a href=\"\/tr\/&\/#x6d;&#97;i&#x6c;&#x74;&#111;:&#x69;&#x6e;&#102;o&#x40;&#119;i&#x72;&#x2d;&#101;n&#x74;&#x73;&#111;r&#x67;&#101;&#110;&#x2d;&#x73;&#111;r&#x67;&#x65;&#110;&#46;&#x64;&#101;\" target=\"_new\" rel=\"noopener\">&#105;&#x6e;&#x66;o&#64;&#x77;i&#114;&#x2d;e&#110;&#x74;s&#111;&#x72;&#x67;&#101;&#x6e;&#x2d;s&#111;&#x72;g&#101;&#x6e;&#46;&#100;&#x65;<\/a><br \/>\n<strong>Adres:<\/strong> Alzeyer Strasse 12, 55457 Gensingen<\/p>","protected":false},"excerpt":{"rendered":"<p>\u00a0Ihr Spezialist mit Feingef\u00fchl f\u00fcr Asbestsanierung in Kirn Herzlich Willkommen bei \u201eWir Entsorgen Sorgen\u201c, Ihrem Experten f\u00fcr Asbestsanierung in Kirn. Wir sind nicht nur Ihre technischen Experten, sondern auch Ihr menschlicher Beistand, der Sie durch den gesamten Prozess der Asbestsanierung begleitet, indem wir sowohl das Asbest als auch Ihre Sorgen entsorgen. Asbest: Ein unsichtbarer, aber [&hellip;]<\/p>\n","protected":false},"author":4,"featured_media":1450,"comment_status":"open","ping_status":"open","sticky":false,"template":"","format":"standard","meta":{"footnotes":""},"categories":[1],"tags":[],"class_list":["post-1495","post","type-post","status-publish","format-standard","has-post-thumbnail","hentry","category-asbestsanierung"],"_links":{"self":[{"href":"https:\/\/wir-entsorgen-sorgen.de\/tr\/wp-json\/wp\/v2\/posts\/1495","targetHints":{"allow":["GET"]}}],"collection":[{"href":"https:\/\/wir-entsorgen-sorgen.de\/tr\/wp-json\/wp\/v2\/posts"}],"about":[{"href":"https:\/\/wir-entsorgen-sorgen.de\/tr\/wp-json\/wp\/v2\/types\/post"}],"author":[{"embeddable":true,"href":"https:\/\/wir-entsorgen-sorgen.de\/tr\/wp-json\/wp\/v2\/users\/4"}],"replies":[{"embeddable":true,"href":"https:\/\/wir-entsorgen-sorgen.de\/tr\/wp-json\/wp\/v2\/comments?post=1495"}],"version-history":[{"count":5,"href":"https:\/\/wir-entsorgen-sorgen.de\/tr\/wp-json\/wp\/v2\/posts\/1495\/revisions"}],"predecessor-version":[{"id":3548,"href":"https:\/\/wir-entsorgen-sorgen.de\/tr\/wp-json\/wp\/v2\/posts\/1495\/revisions\/3548"}],"wp:featuredmedia":[{"embeddable":true,"href":"https:\/\/wir-entsorgen-sorgen.de\/tr\/wp-json\/wp\/v2\/media\/1450"}],"wp:attachment":[{"href":"https:\/\/wir-entsorgen-sorgen.de\/tr\/wp-json\/wp\/v2\/media?parent=1495"}],"wp:term":[{"taxonomy":"category","embeddable":true,"href":"https:\/\/wir-entsorgen-sorgen.de\/tr\/wp-json\/wp\/v2\/categories?post=1495"},{"taxonomy":"post_tag","embeddable":true,"href":"https:\/\/wir-entsorgen-sorgen.de\/tr\/wp-json\/wp\/v2\/tags?post=1495"}],"curies":[{"name":"wp","href":"https:\/\/api.w.org\/{rel}","templated":true}]}}