{"id":1542,"date":"2023-11-16T12:49:11","date_gmt":"2023-11-16T11:49:11","guid":{"rendered":"https:\/\/wir-entsorgen-sorgen.de\/?p=1542"},"modified":"2024-02-02T13:50:24","modified_gmt":"2024-02-02T12:50:24","slug":"professionelle-abbrucharbeiten-in-mainz","status":"publish","type":"post","link":"https:\/\/wir-entsorgen-sorgen.de\/tr\/abbruch\/professionelle-abbrucharbeiten-in-mainz\/","title":{"rendered":"Mainz'da profesyonel y\u0131k\u0131m \u00e7al\u0131\u015fmalar\u0131"},"content":{"rendered":"<p>Mainz'da, \"Biz <a href=\"https:\/\/wir-entsorgen-sorgen.de\/tr\/category\/abbruch\/\">Endi\u015feler<\/a>\" herkes i\u00e7in yetkin bir ortak olarak <a href=\"https:\/\/www.sorglos-bauen.gmbh\/category\/abbruch\/\">Y\u0131k\u0131m \u00e7al\u0131\u015fmalar\u0131<\/a> yan\u0131n\u0131zda. Deneyimli uzmanlardan olu\u015fan ekibimiz, a\u015fa\u011f\u0131dakilerle karakterize edilen bir y\u0131k\u0131m hizmetini garanti eder <a href=\"https:\/\/www.badfix.gmbh\/\">Hassasiyet<\/a> ve verimlilik.<\/p>\n<p><img loading=\"lazy\" decoding=\"async\" class=\"alignnone wp-image-3197 size-full\" src=\"http:\/\/wir-entsorgen-sorgen.de\/wp-content\/uploads\/2023\/11\/Abb.-57.webp\" alt=\"\" width=\"1792\" height=\"1024\" srcset=\"https:\/\/wir-entsorgen-sorgen.de\/wp-content\/uploads\/2023\/11\/Abb.-57.webp 1792w, https:\/\/wir-entsorgen-sorgen.de\/wp-content\/uploads\/2023\/11\/Abb.-57-300x171.webp 300w, https:\/\/wir-entsorgen-sorgen.de\/wp-content\/uploads\/2023\/11\/Abb.-57-1030x589.webp 1030w, https:\/\/wir-entsorgen-sorgen.de\/wp-content\/uploads\/2023\/11\/Abb.-57-768x439.webp 768w, https:\/\/wir-entsorgen-sorgen.de\/wp-content\/uploads\/2023\/11\/Abb.-57-1536x878.webp 1536w, https:\/\/wir-entsorgen-sorgen.de\/wp-content\/uploads\/2023\/11\/Abb.-57-18x10.webp 18w, https:\/\/wir-entsorgen-sorgen.de\/wp-content\/uploads\/2023\/11\/Abb.-57-1500x857.webp 1500w, https:\/\/wir-entsorgen-sorgen.de\/wp-content\/uploads\/2023\/11\/Abb.-57-705x403.webp 705w\" sizes=\"auto, (max-width: 1792px) 100vw, 1792px\" \/><\/p>\n<h2>Mainz'da y\u0131k\u0131m i\u015flerinde uzmanla\u015fm\u0131\u015ft\u0131r<\/h2>\n<p>Bizim <a href=\"https:\/\/www.youtube.com\/watch?v=-vNWxcpJ5Eg\">Y\u0131k\u0131m \u015firketi<\/a> Mainz'da \u00e7ok \u00e7e\u015fitli y\u0131k\u0131m i\u015flerini kapsayan bir isim yapm\u0131\u015ft\u0131r. \u0130ster k\u00fc\u00e7\u00fck \u00f6l\u00e7ekli s\u00f6k\u00fcm ister bina in\u015faat\u0131 ve in\u015faat m\u00fchendisli\u011finde b\u00fcy\u00fck \u00f6l\u00e7ekli y\u0131k\u0131m projeleri olsun - profesyonel uzmanl\u0131k ve en y\u00fcksek kalite standartlar\u0131n\u0131 temsil ediyoruz.<\/p>\n<h2>Bir bak\u0131\u015fta hizmetler: S\u00f6k\u00fcm ve daha fazlas\u0131<\/h2>\n<p>Size a\u015fa\u011f\u0131daki hizmetleri sunuyoruz:<\/p>\n<ul>\n<li><strong>S\u00f6k\u00fcm<\/strong>S\u0131k\u0131 g\u00fcvenlik \u00f6nlemleri ile bina ve yap\u0131lar\u0131n profesyonel s\u00f6k\u00fcm\u00fc.<\/li>\n<li><strong>Decoring<\/strong>Binalar\u0131 daha ileri \u00f6nlemlere haz\u0131rlamak i\u00e7in y\u00fck ta\u015f\u0131mayan bile\u015fenlerin do\u011fru \u015fekilde kald\u0131r\u0131lmas\u0131.<\/li>\n<li><strong>At\u0131k bertaraf\u0131<\/strong>\u0130n\u015faat molozlar\u0131n\u0131n ve di\u011fer at\u0131k \u00fcr\u00fcnlerin do\u011fru ve \u00e7evre dostu bir \u015fekilde bertaraf edilmesi.<\/li>\n<li><strong>Bina in\u015faat\u0131<\/strong>Bina in\u015faat\u0131 alan\u0131nda verimli ve g\u00fcvenli y\u0131k\u0131m \u00e7al\u0131\u015fmalar\u0131.<\/li>\n<li><strong>\u0130n\u015faat M\u00fchendisli\u011fi<\/strong>\u0130n\u015faat m\u00fchendisli\u011finde y\u0131k\u0131m \u00f6nlemlerinin deneyimli ekibimiz taraf\u0131ndan uzman bir \u015fekilde uygulanmas\u0131.<\/li>\n<\/ul>\n<h2>\"Endi\u015feleri bertaraf ediyoruz \"un avantajlar\u0131<\/h2>\n<p>M\u00fc\u015fteriler bizi se\u00e7iyor \u00e7\u00fcnk\u00fc:<\/p>\n<ul>\n<li><strong>Dakiklik<\/strong>Programlara ba\u011fl\u0131 kal\u0131yor ve h\u0131zl\u0131 uygulamay\u0131 garanti ediyoruz.<\/li>\n<li><strong>Uzmanl\u0131k<\/strong>: Uzun y\u0131llara dayanan <a href=\"https:\/\/www.bundesregierung.de\/breg-de\/aktuelles\/neubau-und-sanierung-foerdern-2038426\">Deneyim<\/a> her yere akar <a href=\"https:\/\/www.kfw.de\/inlandsfoerderung\/Privatpersonen\/Bestehende-Immobilie\/F%C3%B6rderprodukte\/Energieeffizient-Sanieren-Baubegleitung-(431)\/?query=*%3A*&amp;page=1&amp;rows=10&amp;sortBy=relevance&amp;sortOrder=desc&amp;facet.filter.language=de&amp;dymFailover=true&amp;groups=1\">Proje<\/a> i\u00e7inde.<\/li>\n<li><strong>Net maliyet yap\u0131s\u0131<\/strong>: Bizimle birlikte a\u00e7\u0131k ve d\u00fcr\u00fcst bir <a href=\"https:\/\/www.foerder-welt.de\/\">Fiyatland\u0131rma politikas\u0131<\/a> gizli olmadan <a href=\"https:\/\/www.schwaebisch-hall.de\/ratgeber\/sanieren-und-modernisieren\/energetische-sanierung\/gebaeudeenergiegesetz.html\">\u00dccretler<\/a>.<\/li>\n<\/ul>\n<p>Mainz'da deneyimli bir y\u0131k\u0131m \u015firketi arayanlar i\u00e7in \"Wir entsorgen Sorgen\" do\u011fru se\u00e7imdir. Bizimle ileti\u015fime ge\u00e7in ve geni\u015f hizmet yelpazemizden yararlan\u0131n. Projelerinizi \u00f6zen ve uzmanl\u0131kla ba\u015far\u0131ya ula\u015ft\u0131rmaya haz\u0131r\u0131z!<\/p>","protected":false},"excerpt":{"rendered":"<p>In Mainz steht Ihnen &#8222;Wir entsorgen Sorgen&#8220; als kompetenter Partner f\u00fcr s\u00e4mtliche Abbrucharbeiten zur Seite. Unser Team aus erfahrenen Spezialisten garantiert einen Abbruchservice, der durch Pr\u00e4zision und Effizienz \u00fcberzeugt. Spezialisiert auf Abbrucharbeiten in Mainz Unser Abbruchunternehmen hat sich in Mainz einen Namen gemacht, indem wir ein breites Spektrum an Abbrucharbeiten abdecken. Ob es um kleinere [&hellip;]<\/p>\n","protected":false},"author":4,"featured_media":2156,"comment_status":"open","ping_status":"open","sticky":false,"template":"","format":"standard","meta":{"footnotes":""},"categories":[8],"tags":[],"class_list":["post-1542","post","type-post","status-publish","format-standard","has-post-thumbnail","hentry","category-abbruch"],"_links":{"self":[{"href":"https:\/\/wir-entsorgen-sorgen.de\/tr\/wp-json\/wp\/v2\/posts\/1542","targetHints":{"allow":["GET"]}}],"collection":[{"href":"https:\/\/wir-entsorgen-sorgen.de\/tr\/wp-json\/wp\/v2\/posts"}],"about":[{"href":"https:\/\/wir-entsorgen-sorgen.de\/tr\/wp-json\/wp\/v2\/types\/post"}],"author":[{"embeddable":true,"href":"https:\/\/wir-entsorgen-sorgen.de\/tr\/wp-json\/wp\/v2\/users\/4"}],"replies":[{"embeddable":true,"href":"https:\/\/wir-entsorgen-sorgen.de\/tr\/wp-json\/wp\/v2\/comments?post=1542"}],"version-history":[{"count":3,"href":"https:\/\/wir-entsorgen-sorgen.de\/tr\/wp-json\/wp\/v2\/posts\/1542\/revisions"}],"predecessor-version":[{"id":3218,"href":"https:\/\/wir-entsorgen-sorgen.de\/tr\/wp-json\/wp\/v2\/posts\/1542\/revisions\/3218"}],"wp:featuredmedia":[{"embeddable":true,"href":"https:\/\/wir-entsorgen-sorgen.de\/tr\/wp-json\/wp\/v2\/media\/2156"}],"wp:attachment":[{"href":"https:\/\/wir-entsorgen-sorgen.de\/tr\/wp-json\/wp\/v2\/media?parent=1542"}],"wp:term":[{"taxonomy":"category","embeddable":true,"href":"https:\/\/wir-entsorgen-sorgen.de\/tr\/wp-json\/wp\/v2\/categories?post=1542"},{"taxonomy":"post_tag","embeddable":true,"href":"https:\/\/wir-entsorgen-sorgen.de\/tr\/wp-json\/wp\/v2\/tags?post=1542"}],"curies":[{"name":"wp","href":"https:\/\/api.w.org\/{rel}","templated":true}]}}