{"id":1557,"date":"2025-05-19T11:56:59","date_gmt":"2025-05-19T10:56:59","guid":{"rendered":"https:\/\/wir-entsorgen-sorgen.de\/?p=1557"},"modified":"2025-03-20T12:07:38","modified_gmt":"2025-03-20T11:07:38","slug":"abbruchservices-in-neustadt-an-der-weinstrasse","status":"publish","type":"post","link":"https:\/\/wir-entsorgen-sorgen.de\/tr\/abbruch\/abbruchservices-in-neustadt-an-der-weinstrasse\/","title":{"rendered":"Neustadt an der W.'de y\u0131k\u0131m hizmetleri"},"content":{"rendered":"<p>In Neustadt an der Weinstra\u00dfe bietet &#8222;Wir entsorgen <a href=\"https:\/\/wir-entsorgen-sorgen.de\/tr\/category\/blog\/\">Endi\u015feler<\/a>&#8220; hochqualifizierte <a href=\"https:\/\/www.sorglos-bauen.gmbh\/blog\/\">Y\u0131k\u0131m hizmetleri<\/a>. Deneyimli y\u0131k\u0131m uzmanlar\u0131ndan olu\u015fan ekibimiz, en y\u00fcksek standartlara uygun planl\u0131 ve ihtiyatl\u0131 bir y\u0131k\u0131m hizmetiyle g\u00f6z doldurmaktad\u0131r.<\/p>\n<h2>Neustadt an der Weinstra\u00dfe'deki y\u0131k\u0131m i\u015fleri i\u00e7in orta\u011f\u0131n\u0131z<\/h2>\n<p>\u015eirketimiz, Neustadt an der Weinstra\u00dfe'de y\u0131k\u0131m i\u015flerinin profesyonelce y\u00fcr\u00fct\u00fclmesi konusunda m\u00fckemmel bir \u00fcne sahiptir. \u0130ster k\u00fc\u00e7\u00fck yap\u0131lar\u0131n y\u0131k\u0131m\u0131 ister bina in\u015faat\u0131 ve in\u015faat m\u00fchendisli\u011fi alan\u0131ndaki karma\u015f\u0131k y\u0131k\u0131m projeleri olsun, kalite ve \u00f6zenle karakterize edilen kapsaml\u0131 uzmanl\u0131k ve i\u015f\u00e7ili\u011fi temsil ediyoruz.<\/p>\n<p><img loading=\"lazy\" decoding=\"async\" class=\"alignnone wp-image-3013 size-full\" src=\"http:\/\/wir-entsorgen-sorgen.de\/wp-content\/uploads\/2023\/11\/Abb.-25.png\" alt=\"\" width=\"1024\" height=\"1024\" srcset=\"https:\/\/wir-entsorgen-sorgen.de\/wp-content\/uploads\/2023\/11\/Abb.-25.png 1024w, https:\/\/wir-entsorgen-sorgen.de\/wp-content\/uploads\/2023\/11\/Abb.-25-300x300.png 300w, https:\/\/wir-entsorgen-sorgen.de\/wp-content\/uploads\/2023\/11\/Abb.-25-80x80.png 80w, https:\/\/wir-entsorgen-sorgen.de\/wp-content\/uploads\/2023\/11\/Abb.-25-768x768.png 768w, https:\/\/wir-entsorgen-sorgen.de\/wp-content\/uploads\/2023\/11\/Abb.-25-12x12.png 12w, https:\/\/wir-entsorgen-sorgen.de\/wp-content\/uploads\/2023\/11\/Abb.-25-36x36.png 36w, https:\/\/wir-entsorgen-sorgen.de\/wp-content\/uploads\/2023\/11\/Abb.-25-180x180.png 180w, https:\/\/wir-entsorgen-sorgen.de\/wp-content\/uploads\/2023\/11\/Abb.-25-705x705.png 705w\" sizes=\"auto, (max-width: 1024px) 100vw, 1024px\" \/><\/p>\n<h2>Hizmet portf\u00f6y\u00fcm\u00fcz: Verimli s\u00f6k\u00fcm ve \u00e7evre dostu bertaraf<\/h2>\n<p>Geni\u015f bir hizmet yelpazesi sunuyoruz:<\/p>\n<ul>\n<li><strong>S\u00f6k\u00fcm<\/strong>: Sofistike ve g\u00fcvenli <a href=\"https:\/\/www.youtube.com\/watch?v=-vNWxcpJ5Eg&amp;ab_channel=Saarl%C3%A4ndischerRundfunk\">S\u00f6k\u00fcm<\/a> binalar\u0131n ve yap\u0131lar\u0131n.<\/li>\n<li><strong>Decoring<\/strong>M\u00fclk\u00fc sonraki ad\u0131mlara en iyi \u015fekilde haz\u0131rlamak i\u00e7in i\u00e7 donan\u0131mlar\u0131n ve y\u00fck ta\u015f\u0131mayan bile\u015fenlerin titizlikle kald\u0131r\u0131lmas\u0131.<\/li>\n<li><strong>At\u0131k bertaraf\u0131<\/strong>\u0130n\u015faat molozlar\u0131n\u0131n ve di\u011fer malzemelerin \u00e7evre y\u00f6netmeliklerine uygun olarak profesyonelce bertaraf edilmesi.<\/li>\n<li><strong>Bina in\u015faat\u0131<\/strong>: Bina in\u015faat\u0131nda hassas bir \u015fekilde y\u00fcr\u00fct\u00fclen y\u0131k\u0131m i\u015fi.<\/li>\n<li><strong>\u0130n\u015faat M\u00fchendisli\u011fi<\/strong>\u0130n\u015faat m\u00fchendisli\u011fi alan\u0131ndaki y\u0131k\u0131m \u00e7al\u0131\u015fmalar\u0131 deneyimli ekibimiz taraf\u0131ndan ustal\u0131kla ger\u00e7ekle\u015ftirilmektedir.<\/li>\n<\/ul>\n<h2>Neustadt an der Weinstra\u00dfe b\u00f6lgesindeki \"Wir entsorgen Sorgen\" ile avantajlar\u0131n\u0131z<\/h2>\n<p>M\u00fc\u015fterilerimiz bizi \u015fu nedenlerle tercih ediyor:<\/p>\n<ul>\n<li><strong>Sorumluluk<\/strong>Son teslim tarihlerine ve programlara tutarl\u0131 ba\u011fl\u0131l\u0131k.<\/li>\n<li><strong>Uzmanl\u0131k<\/strong>: <a href=\"https:\/\/www.bundesregierung.de\/breg-de\/aktuelles\/neubau-und-sanierung-foerdern-2038426\">Geni\u015f kapsaml\u0131<\/a> Y\u0131k\u0131m\u0131n t\u00fcm segmentlerinde bilgi ve kapsaml\u0131 deneyim.<\/li>\n<li><strong>Fiyatland\u0131rmada \u015feffafl\u0131k<\/strong>: A\u00e7\u0131k ve d\u00fcr\u00fcst bir <a href=\"https:\/\/www.kfw.de\/inlandsfoerderung\/Privatpersonen\/Bestehende-Immobilie\/F%C3%B6rderprodukte\/Energieeffizient-Sanieren-Baubegleitung-(431)\/\">Maliyete genel bak\u0131\u015f<\/a> gizli olmadan <a href=\"https:\/\/www.foerder-welt.de\/content\/foerderwelt\/de\/wohnen\/wissen-stories\/baubegleitung_hausbau_und_sanierung.html\">Ek \u00fccretler<\/a>.<\/li>\n<\/ul>\n<p>Neustadt an der Weinstra\u00dfe'de profesyonel bir y\u0131k\u0131m \u015firketi arayan herkes i\u00e7in \"Wir entsorgen Sorgen\" do\u011fru adrestir. Hizmetlerimiz hakk\u0131nda daha fazla bilgi edinmek i\u00e7in bizimle ileti\u015fime ge\u00e7in. Y\u0131k\u0131m projelerinizi uzmanl\u0131k ve ba\u011fl\u0131l\u0131kla ba\u015far\u0131ya g\u00f6t\u00fcrmeye haz\u0131r\u0131z!<\/p>","protected":false},"excerpt":{"rendered":"<p>In Neustadt an der Weinstra\u00dfe bietet &#8222;Wir entsorgen Sorgen&#8220; hochqualifizierte Abbruchdienstleistungen. Unser Team aus versierten Abbruchspezialisten \u00fcberzeugt durch einen planvollen und umsichtigen Abbruchservice, der auf h\u00f6chste Standards ausgerichtet ist. Ihr Partner f\u00fcr Abbruchma\u00dfnahmen in Neustadt an der Weinstra\u00dfe Unser Unternehmen genie\u00dft in Neustadt an der Weinstra\u00dfe einen hervorragenden Ruf f\u00fcr die professionelle Ausf\u00fchrung von Abbrucharbeiten. [&hellip;]<\/p>\n","protected":false},"author":4,"featured_media":2192,"comment_status":"open","ping_status":"open","sticky":false,"template":"","format":"standard","meta":{"footnotes":""},"categories":[8],"tags":[],"class_list":["post-1557","post","type-post","status-publish","format-standard","has-post-thumbnail","hentry","category-abbruch"],"_links":{"self":[{"href":"https:\/\/wir-entsorgen-sorgen.de\/tr\/wp-json\/wp\/v2\/posts\/1557","targetHints":{"allow":["GET"]}}],"collection":[{"href":"https:\/\/wir-entsorgen-sorgen.de\/tr\/wp-json\/wp\/v2\/posts"}],"about":[{"href":"https:\/\/wir-entsorgen-sorgen.de\/tr\/wp-json\/wp\/v2\/types\/post"}],"author":[{"embeddable":true,"href":"https:\/\/wir-entsorgen-sorgen.de\/tr\/wp-json\/wp\/v2\/users\/4"}],"replies":[{"embeddable":true,"href":"https:\/\/wir-entsorgen-sorgen.de\/tr\/wp-json\/wp\/v2\/comments?post=1557"}],"version-history":[{"count":5,"href":"https:\/\/wir-entsorgen-sorgen.de\/tr\/wp-json\/wp\/v2\/posts\/1557\/revisions"}],"predecessor-version":[{"id":3580,"href":"https:\/\/wir-entsorgen-sorgen.de\/tr\/wp-json\/wp\/v2\/posts\/1557\/revisions\/3580"}],"wp:featuredmedia":[{"embeddable":true,"href":"https:\/\/wir-entsorgen-sorgen.de\/tr\/wp-json\/wp\/v2\/media\/2192"}],"wp:attachment":[{"href":"https:\/\/wir-entsorgen-sorgen.de\/tr\/wp-json\/wp\/v2\/media?parent=1557"}],"wp:term":[{"taxonomy":"category","embeddable":true,"href":"https:\/\/wir-entsorgen-sorgen.de\/tr\/wp-json\/wp\/v2\/categories?post=1557"},{"taxonomy":"post_tag","embeddable":true,"href":"https:\/\/wir-entsorgen-sorgen.de\/tr\/wp-json\/wp\/v2\/tags?post=1557"}],"curies":[{"name":"wp","href":"https:\/\/api.w.org\/{rel}","templated":true}]}}