{"id":1577,"date":"2025-06-16T12:17:29","date_gmt":"2025-06-16T11:17:29","guid":{"rendered":"https:\/\/wir-entsorgen-sorgen.de\/?p=1577"},"modified":"2025-03-21T10:36:32","modified_gmt":"2025-03-21T09:36:32","slug":"abbruchkompetenz-in-ingelheim-am-rhein","status":"publish","type":"post","link":"https:\/\/wir-entsorgen-sorgen.de\/tr\/abbruch\/abbruchkompetenz-in-ingelheim-am-rhein\/","title":{"rendered":"Ingelheim a. R.'de y\u0131k\u0131m uzmanl\u0131\u011f\u0131"},"content":{"rendered":"<p>\"Biz <a href=\"https:\/\/wir-entsorgen-sorgen.de\/tr\/category\/abbruch\/\">\u0130mha etmek<\/a> Sorgen\" Ingelheim am Rhein'da y\u00fcksek kaliteli \u00fcr\u00fcnleri temsil etmektedir. <a href=\"https:\/\/www.sorglos-bauen.gmbh\/blog\/\">Y\u0131k\u0131m hizmetleri<\/a>. Kapsaml\u0131 uzmanl\u0131k ve en son teknik ekipmanlarla donat\u0131lm\u0131\u015f ekibimiz, hassas planlama ve \u00f6zenli uygulama ile karakterize edilen bir hizmet sunmaktad\u0131r.<\/p>\n<p><img loading=\"lazy\" decoding=\"async\" class=\"alignnone wp-image-3020 size-full\" src=\"http:\/\/wir-entsorgen-sorgen.de\/wp-content\/uploads\/2023\/11\/Abb.-32.png\" alt=\"\" width=\"1024\" height=\"1024\" srcset=\"https:\/\/wir-entsorgen-sorgen.de\/wp-content\/uploads\/2023\/11\/Abb.-32.png 1024w, https:\/\/wir-entsorgen-sorgen.de\/wp-content\/uploads\/2023\/11\/Abb.-32-300x300.png 300w, https:\/\/wir-entsorgen-sorgen.de\/wp-content\/uploads\/2023\/11\/Abb.-32-80x80.png 80w, https:\/\/wir-entsorgen-sorgen.de\/wp-content\/uploads\/2023\/11\/Abb.-32-768x768.png 768w, https:\/\/wir-entsorgen-sorgen.de\/wp-content\/uploads\/2023\/11\/Abb.-32-12x12.png 12w, https:\/\/wir-entsorgen-sorgen.de\/wp-content\/uploads\/2023\/11\/Abb.-32-36x36.png 36w, https:\/\/wir-entsorgen-sorgen.de\/wp-content\/uploads\/2023\/11\/Abb.-32-180x180.png 180w, https:\/\/wir-entsorgen-sorgen.de\/wp-content\/uploads\/2023\/11\/Abb.-32-705x705.png 705w\" sizes=\"auto, (max-width: 1024px) 100vw, 1024px\" \/><\/p>\n<h2>Ingelheim am Rhein'daki y\u0131k\u0131m uzman\u0131n\u0131z<\/h2>\n<p>Ingelheim am Rhein'da bulunan y\u0131k\u0131m \u015firketimiz, y\u0131k\u0131m projelerinin profesyonel bir \u015fekilde ger\u00e7ekle\u015ftirilmesinde ad\u0131ndan s\u00f6z ettirmektedir. \u0130ster belirli bile\u015fenlerin planl\u0131 s\u00f6k\u00fcm\u00fc ister bina in\u015faat\u0131 ve in\u015faat m\u00fchendisli\u011fi alan\u0131ndaki kapsaml\u0131 operasyonlar i\u00e7in olsun - en y\u00fcksek kalite standartlar\u0131n\u0131 kar\u015f\u0131layan hassasiyet ve i\u015f\u00e7ili\u011fi temsil ediyoruz.<\/p>\n<h2>Hizmet yelpazemiz: iyi d\u00fc\u015f\u00fcn\u00fclm\u00fc\u015f s\u00f6k\u00fcm ve sorumlu bertaraf<\/h2>\n<p>Hizmetlerimiz \u015funlar\u0131 i\u00e7erir:<\/p>\n<ul>\n<li><strong>S\u00f6k\u00fcm<\/strong>Binalar\u0131n ve yap\u0131lar\u0131n d\u00fczenli ve g\u00fcvenli bir \u015fekilde s\u00f6k\u00fclmesi.<\/li>\n<li><strong>Decoring<\/strong>Bina dokusunu gelecekteki ad\u0131mlara haz\u0131rlamak i\u00e7in i\u00e7 donan\u0131mlar\u0131n ve y\u00fck ta\u015f\u0131mayan bile\u015fenlerin hassas bir \u015fekilde \u00e7\u0131kar\u0131lmas\u0131.<\/li>\n<li><strong>At\u0131k bertaraf\u0131<\/strong>\u0130n\u015faat molozlar\u0131n\u0131n ve di\u011fer malzemelerin y\u00f6netmeliklere uygun olarak ve \u00e7evre dostu bir \u015fekilde bertaraf edilmesi.<\/li>\n<li><strong>Bina in\u015faat\u0131<\/strong>Bina in\u015faat\u0131nda do\u011fru ve dikkatli bir \u015fekilde y\u00fcr\u00fct\u00fclen y\u0131k\u0131m i\u015fi.<\/li>\n<li><strong>\u0130n\u015faat M\u00fchendisli\u011fi<\/strong>\u0130n\u015faat m\u00fchendisli\u011finde y\u0131k\u0131m \u00f6nlemlerinin deneyimli ekibimiz taraf\u0131ndan yetkin bir \u015fekilde ger\u00e7ekle\u015ftirilmesi.<\/li>\n<\/ul>\n<h2>Ingelheim am Rhein b\u00f6lgesindeki \"Wir entsorgen Sorgen\" ile avantajlar\u0131n\u0131z<\/h2>\n<p>M\u00fc\u015fteriler bizi se\u00e7iyor \u00e7\u00fcnk\u00fc:<\/p>\n<ul>\n<li><strong>g\u00fcvenilirlik<\/strong>Programlara tutarl\u0131 ba\u011fl\u0131l\u0131k ve etkin proje ger\u00e7ekle\u015ftirme.<\/li>\n<li><strong>Uzmanl\u0131k<\/strong>Y\u0131k\u0131m\u0131n t\u00fcm alanlar\u0131nda kapsaml\u0131 deneyim ve derinlemesine uzmanl\u0131k.<\/li>\n<li><strong>\u015eeffaf maliyetler<\/strong>: A\u00e7\u0131k ve anla\u015f\u0131l\u0131r bir <a href=\"https:\/\/www.kfw.de\/inlandsfoerderung\/Privatpersonen\/Bestehende-Immobilie\/F%C3%B6rderprodukte\/Energieeffizient-Sanieren-Baubegleitung-(431)\/\">Maliyete genel bak\u0131\u015f<\/a> gizli olmadan <a href=\"https:\/\/www.foerder-welt.de\/content\/foerderwelt\/de\/wohnen\/wissen-stories\/baubegleitung_hausbau_und_sanierung.html\">Ek maliyetler<\/a>.<\/li>\n<\/ul>\n<p>Ingelheim am Rhein'da \"Wir entsorgen Sorgen\", profesyonelli\u011fi ve m\u00fc\u015fteri odakl\u0131l\u0131\u011f\u0131 vurgulayan bir y\u0131k\u0131m \u015firketi anlam\u0131na gelir. Hizmetlerimiz hakk\u0131nda daha fazla bilgi edinmek i\u00e7in bizimle ileti\u015fime ge\u00e7in. Uzmanl\u0131\u011f\u0131m\u0131z ve taahh\u00fcd\u00fcm\u00fczle y\u0131k\u0131m projelerinizi ba\u015far\u0131ya ula\u015ft\u0131rmaya haz\u0131r\u0131z!<\/p>","protected":false},"excerpt":{"rendered":"<p>&#8222;Wir entsorgen Sorgen&#8220; repr\u00e4sentiert in Ingelheim am Rhein hochqualitative Abbruchservices. Unser Team, ausgestattet mit umfassender Expertise und dem neuesten technischen Equipment, bietet einen Service, der durch genaue Planung und gewissenhafte Ausf\u00fchrung bestimmt ist. Ihr Spezialist f\u00fcr Abbruch in Ingelheim am Rhein In Ingelheim am Rhein hat unser Abbruchunternehmen sich einen Namen f\u00fcr die fachgerechte Umsetzung [&hellip;]<\/p>\n","protected":false},"author":4,"featured_media":2186,"comment_status":"open","ping_status":"open","sticky":false,"template":"","format":"standard","meta":{"footnotes":""},"categories":[8],"tags":[],"class_list":["post-1577","post","type-post","status-publish","format-standard","has-post-thumbnail","hentry","category-abbruch"],"_links":{"self":[{"href":"https:\/\/wir-entsorgen-sorgen.de\/tr\/wp-json\/wp\/v2\/posts\/1577","targetHints":{"allow":["GET"]}}],"collection":[{"href":"https:\/\/wir-entsorgen-sorgen.de\/tr\/wp-json\/wp\/v2\/posts"}],"about":[{"href":"https:\/\/wir-entsorgen-sorgen.de\/tr\/wp-json\/wp\/v2\/types\/post"}],"author":[{"embeddable":true,"href":"https:\/\/wir-entsorgen-sorgen.de\/tr\/wp-json\/wp\/v2\/users\/4"}],"replies":[{"embeddable":true,"href":"https:\/\/wir-entsorgen-sorgen.de\/tr\/wp-json\/wp\/v2\/comments?post=1577"}],"version-history":[{"count":3,"href":"https:\/\/wir-entsorgen-sorgen.de\/tr\/wp-json\/wp\/v2\/posts\/1577\/revisions"}],"predecessor-version":[{"id":3621,"href":"https:\/\/wir-entsorgen-sorgen.de\/tr\/wp-json\/wp\/v2\/posts\/1577\/revisions\/3621"}],"wp:featuredmedia":[{"embeddable":true,"href":"https:\/\/wir-entsorgen-sorgen.de\/tr\/wp-json\/wp\/v2\/media\/2186"}],"wp:attachment":[{"href":"https:\/\/wir-entsorgen-sorgen.de\/tr\/wp-json\/wp\/v2\/media?parent=1577"}],"wp:term":[{"taxonomy":"category","embeddable":true,"href":"https:\/\/wir-entsorgen-sorgen.de\/tr\/wp-json\/wp\/v2\/categories?post=1577"},{"taxonomy":"post_tag","embeddable":true,"href":"https:\/\/wir-entsorgen-sorgen.de\/tr\/wp-json\/wp\/v2\/tags?post=1577"}],"curies":[{"name":"wp","href":"https:\/\/api.w.org\/{rel}","templated":true}]}}