{"id":1592,"date":"2023-11-18T12:20:11","date_gmt":"2023-11-18T11:20:11","guid":{"rendered":"https:\/\/wir-entsorgen-sorgen.de\/?p=1592"},"modified":"2024-02-06T15:17:14","modified_gmt":"2024-02-06T14:17:14","slug":"badsanierung-in-neuwied","status":"publish","type":"post","link":"https:\/\/wir-entsorgen-sorgen.de\/tr\/badsanierung\/badsanierung-in-neuwied\/","title":{"rendered":"Neuwied'de banyo yenileme i\u00e7in anahtar\u0131n\u0131z"},"content":{"rendered":"<p>Neuwied'de ikamet ediyor ve \u00e7a\u011fda\u015f, i\u015flevsel ve estetik a\u00e7\u0131dan ho\u015f bir banyo mu ar\u0131yorsunuz? O zaman ba\u015fka yere bakman\u0131za gerek yok! Wir entsorgen Sorgen'deki ekibimiz, Neuwied ve \u00e7evresindeki b\u00f6lgede banyo yenileme konusunda deneyimli orta\u011f\u0131n\u0131zd\u0131r.<\/p>\n<p><img loading=\"lazy\" decoding=\"async\" class=\"alignnone wp-image-3317 size-full\" src=\"http:\/\/wir-entsorgen-sorgen.de\/wp-content\/uploads\/2023\/11\/Badsanierung-61.webp\" alt=\"\" width=\"1024\" height=\"1024\" srcset=\"https:\/\/wir-entsorgen-sorgen.de\/wp-content\/uploads\/2023\/11\/Badsanierung-61.webp 1024w, https:\/\/wir-entsorgen-sorgen.de\/wp-content\/uploads\/2023\/11\/Badsanierung-61-300x300.webp 300w, https:\/\/wir-entsorgen-sorgen.de\/wp-content\/uploads\/2023\/11\/Badsanierung-61-80x80.webp 80w, https:\/\/wir-entsorgen-sorgen.de\/wp-content\/uploads\/2023\/11\/Badsanierung-61-768x768.webp 768w, https:\/\/wir-entsorgen-sorgen.de\/wp-content\/uploads\/2023\/11\/Badsanierung-61-12x12.webp 12w, https:\/\/wir-entsorgen-sorgen.de\/wp-content\/uploads\/2023\/11\/Badsanierung-61-36x36.webp 36w, https:\/\/wir-entsorgen-sorgen.de\/wp-content\/uploads\/2023\/11\/Badsanierung-61-180x180.webp 180w, https:\/\/wir-entsorgen-sorgen.de\/wp-content\/uploads\/2023\/11\/Badsanierung-61-705x705.webp 705w\" sizes=\"auto, (max-width: 1024px) 100vw, 1024px\" \/><\/p>\n<h2>Neden Neuwied'de banyo yenileme hizmetlerimizi se\u00e7melisiniz?<\/h2>\n<p>Neuwied'deki banyo yenileme hizmetlerimizden yararlanarak \u015funlardan faydalanabilirsiniz:<\/p>\n<p><strong>1. <a href=\"https:\/\/wir-entsorgen-sorgen.de\/tr\/category\/blog\/\">Uzmanl\u0131k<\/a>:<\/strong> Deneyimli uzmanlar\u0131m\u0131z a\u015fa\u011f\u0131daki konularda geni\u015f deneyime sahiptir <a href=\"https:\/\/www.youtube.com\/watch?v=u3yOhO9cGVA&amp;ab_channel=SWRMarktcheck\">Banyo yenileme<\/a> ve Neuwied'de \u00e7\u00f6z\u00fcmleri bireysel gereksinimlerinize g\u00f6re \u00f6zelle\u015ftirin.<\/p>\n<p><strong>2. <a href=\"https:\/\/www.sorglos-bauen.gmbh\/category\/information\/\">Zanaatkarl\u0131k<\/a> en y\u00fcksek seviyede <a href=\"https:\/\/www.badfix.gmbh\/tips\/foerderung-zuschuss\/\">Seviye<\/a>:<\/strong> Wir entsorgen Sorgen'de, memnuniyetinizi ve Neuwied'deki yeni banyonuzun uzun \u00f6m\u00fcrl\u00fc olmas\u0131n\u0131 sa\u011flamak i\u00e7in y\u00fcksek kaliteli malzemelere \u00f6ncelik veriyor ve birinci s\u0131n\u0131f i\u015f\u00e7ilik sunuyoruz.<\/p>\n<p><strong>3. <a href=\"https:\/\/www.kfw.de\/inlandsfoerderung\/Privatpersonen\/Bestehende-Immobilie\/F%C3%B6rderprodukte\/Altersgerecht-Umbauen-(159)\/?kfwmc=vt.sea.google.{Kampagne}.{Anzeigengruppe}.{Anzeige}&amp;wt_cc1=wohnen&amp;wt_cc2=pri|bestandimmobilie&amp;wt_cc3=42509478398_kwd-324208610341_590656695303&amp;wt_kw=p_42509478398_altengerechtes%20bad&amp;gclid=CjwKCAiAg9urBhB_EiwAgw88mf2pTpZxDI3qW4wjf4Td0bWCdvX0sWLTNcgppQTIqoj3LffcKbZ1MBoC7wQQAvD_BwE\">\u00d6zelle\u015ftirilmi\u015f<\/a> \u00c7\u00f6z\u00fcmler:<\/strong> Banyonuz ki\u015fisel stil tercihlerinizi ve pratik ihtiya\u00e7lar\u0131n\u0131z\u0131 yans\u0131tmal\u0131d\u0131r. Yenilemenizin her y\u00f6n\u00fcn\u00fc \u00f6zelle\u015ftirmek ve vizyonunuzu Neuwied'de sorunsuz bir \u015fekilde uygulamak i\u00e7in sizinle yak\u0131n i\u015fbirli\u011fi i\u00e7inde \u00e7al\u0131\u015f\u0131yoruz.<\/p>\n<p><strong>4. <a href=\"https:\/\/www.bundesgesundheitsministerium.de\/themen\/pflege\/online-ratgeber-pflege\/leistungen-der-pflegeversicherung\/leistungen-im-ueberblick\">Paran\u0131z\u0131n kar\u015f\u0131l\u0131\u011f\u0131<\/a>:<\/strong> B\u00fct\u00e7e hususlar\u0131n\u0131n bir rol oynad\u0131\u011f\u0131n\u0131n fark\u0131nday\u0131z. Wir entsorgen Sorgen'de, g\u00fczel bir banyoyu t\u00fcm Neuwied sakinleri i\u00e7in uygun hale getirmek i\u00e7in rekabet\u00e7i fiyatlar sunuyoruz.<\/p>\n<h2>Neuwied'deki kapsaml\u0131 banyo yenileme hizmetlerimiz<\/h2>\n<p>Neuwied'deki hizmetlerimiz \u00e7ok \u00e7e\u015fitli banyo yenileme ihtiya\u00e7lar\u0131n\u0131 kapsamaktad\u0131r:<\/p>\n<ul>\n<li><strong>Komple banyo yenileme:<\/strong> Neuwied'deki eski banyonuzu ya\u015fam tarz\u0131n\u0131z\u0131 m\u00fckemmel \u015fekilde tamamlayan modern bir alana d\u00f6n\u00fc\u015ft\u00fcr\u00fcn.<\/li>\n<li><strong>Du\u015f ve k\u00fcvet yenilemesi:<\/strong> Du\u015f ve banyolara y\u00f6nelik profesyonel \u00e7\u00f6z\u00fcmlerimizle banyo deneyiminizi iyile\u015ftirin.<\/li>\n<li><strong>Lavabolar\u0131n de\u011fi\u015ftirilmesi:<\/strong> Neuwied'deki banyonuzun esteti\u011fini ve i\u015flevselli\u011fini optimize etmek i\u00e7in \u00e7ok \u00e7e\u015fitli lavabolar aras\u0131ndan se\u00e7im yap\u0131n.<\/li>\n<li><strong>Fayanslar ve zemin kaplamalar\u0131:<\/strong> Neuwied banyonuza benzersiz ve \u015f\u0131k bir atmosfer kazand\u0131rmak i\u00e7in farkl\u0131 karo ve zemin kaplama se\u00e7eneklerini ke\u015ffedin.<\/li>\n<li><strong>K\u00fc\u00e7\u00fck ve b\u00fcy\u00fck banyolar\u0131n yenilenmesi:<\/strong> Neuwied'de ister k\u00fc\u00e7\u00fck bir misafir banyosunu ister l\u00fcks bir ana s\u00fciti yenilemek isteyin, Wir entsorgen Sorgen'deki ekibimiz her boyuttaki proje i\u00e7in haz\u0131rd\u0131r.<\/li>\n<\/ul>\n<h2>Neuwied'deki banyo tadilat\u0131n\u0131za bizimle ba\u015flay\u0131n<\/h2>\n<p>Neuwied'de banyonuzu yenilemeye haz\u0131r m\u0131s\u0131n\u0131z? Dan\u0131\u015fma i\u00e7in bug\u00fcn ekibimizle ileti\u015fime ge\u00e7in ve Wir entsorgen Sorgen'in Neuwied'de hayalinizdeki banyoyu nas\u0131l ger\u00e7ekle\u015ftirebilece\u011fi hakk\u0131nda daha fazla bilgi edinin!<\/p>\n<p>Daha fazla bilgi almak ve kons\u00fcltasyonunuzu planlamak i\u00e7in bizimle ileti\u015fime ge\u00e7mekten \u00e7ekinmeyin. Wir entsorgen Sorgen, birlikte Neuwied banyonuzu y\u0131llarca de\u011fer verece\u011finiz bir alana d\u00f6n\u00fc\u015ft\u00fcrebilir.<\/p>\n<h2>\u00a0\u00a0\u00a0\u00a0\u00a0\u00a0 \u00d6nce Sonra<\/h2>\n<p><img loading=\"lazy\" decoding=\"async\" class=\"size-medium wp-image-1878 alignleft\" src=\"http:\/\/wir-entsorgen-sorgen.de\/wp-content\/uploads\/2023\/11\/amazing-bathroom-with-shower-2022-03-02-19-10-17-utc-300x200.jpg\" alt=\"\" width=\"300\" height=\"200\" srcset=\"https:\/\/wir-entsorgen-sorgen.de\/wp-content\/uploads\/2023\/11\/amazing-bathroom-with-shower-2022-03-02-19-10-17-utc-300x200.jpg 300w, https:\/\/wir-entsorgen-sorgen.de\/wp-content\/uploads\/2023\/11\/amazing-bathroom-with-shower-2022-03-02-19-10-17-utc-1030x687.jpg 1030w, https:\/\/wir-entsorgen-sorgen.de\/wp-content\/uploads\/2023\/11\/amazing-bathroom-with-shower-2022-03-02-19-10-17-utc-768x512.jpg 768w, https:\/\/wir-entsorgen-sorgen.de\/wp-content\/uploads\/2023\/11\/amazing-bathroom-with-shower-2022-03-02-19-10-17-utc-1536x1024.jpg 1536w, https:\/\/wir-entsorgen-sorgen.de\/wp-content\/uploads\/2023\/11\/amazing-bathroom-with-shower-2022-03-02-19-10-17-utc-2048x1365.jpg 2048w, https:\/\/wir-entsorgen-sorgen.de\/wp-content\/uploads\/2023\/11\/amazing-bathroom-with-shower-2022-03-02-19-10-17-utc-18x12.jpg 18w, https:\/\/wir-entsorgen-sorgen.de\/wp-content\/uploads\/2023\/11\/amazing-bathroom-with-shower-2022-03-02-19-10-17-utc-1500x1000.jpg 1500w, https:\/\/wir-entsorgen-sorgen.de\/wp-content\/uploads\/2023\/11\/amazing-bathroom-with-shower-2022-03-02-19-10-17-utc-705x470.jpg 705w\" sizes=\"auto, (max-width: 300px) 100vw, 300px\" \/><\/p>\n<p><img loading=\"lazy\" decoding=\"async\" class=\"size-medium wp-image-1890 alignright\" src=\"http:\/\/wir-entsorgen-sorgen.de\/wp-content\/uploads\/2023\/11\/44-300x200.jpg\" alt=\"\" width=\"300\" height=\"200\" srcset=\"https:\/\/wir-entsorgen-sorgen.de\/wp-content\/uploads\/2023\/11\/44-300x200.jpg 300w, https:\/\/wir-entsorgen-sorgen.de\/wp-content\/uploads\/2023\/11\/44-1030x687.jpg 1030w, https:\/\/wir-entsorgen-sorgen.de\/wp-content\/uploads\/2023\/11\/44-768x512.jpg 768w, https:\/\/wir-entsorgen-sorgen.de\/wp-content\/uploads\/2023\/11\/44-1536x1024.jpg 1536w, https:\/\/wir-entsorgen-sorgen.de\/wp-content\/uploads\/2023\/11\/44-2048x1365.jpg 2048w, https:\/\/wir-entsorgen-sorgen.de\/wp-content\/uploads\/2023\/11\/44-18x12.jpg 18w, https:\/\/wir-entsorgen-sorgen.de\/wp-content\/uploads\/2023\/11\/44-1500x1000.jpg 1500w, https:\/\/wir-entsorgen-sorgen.de\/wp-content\/uploads\/2023\/11\/44-705x470.jpg 705w\" sizes=\"auto, (max-width: 300px) 100vw, 300px\" \/><\/p>","protected":false},"excerpt":{"rendered":"<p>Sind Sie ein Einwohner von Neuwied und haben den Wunsch nach einem zeitgem\u00e4\u00dfen, funktionalen und \u00e4sthetisch ansprechenden Badezimmer? Dann suchen Sie nicht weiter! Unser Team von Wir entsorgen Sorgen ist Ihr erfahrener Partner f\u00fcr die Badsanierung in Neuwied und der umliegenden Region. Warum Unsere Badsanierungsdienste in Neuwied w\u00e4hlen? Indem Sie unsere Badsanierungsdienste in Neuwied in [&hellip;]<\/p>\n","protected":false},"author":4,"featured_media":1890,"comment_status":"open","ping_status":"open","sticky":false,"template":"","format":"standard","meta":{"footnotes":""},"categories":[9],"tags":[],"class_list":["post-1592","post","type-post","status-publish","format-standard","has-post-thumbnail","hentry","category-badsanierung"],"_links":{"self":[{"href":"https:\/\/wir-entsorgen-sorgen.de\/tr\/wp-json\/wp\/v2\/posts\/1592","targetHints":{"allow":["GET"]}}],"collection":[{"href":"https:\/\/wir-entsorgen-sorgen.de\/tr\/wp-json\/wp\/v2\/posts"}],"about":[{"href":"https:\/\/wir-entsorgen-sorgen.de\/tr\/wp-json\/wp\/v2\/types\/post"}],"author":[{"embeddable":true,"href":"https:\/\/wir-entsorgen-sorgen.de\/tr\/wp-json\/wp\/v2\/users\/4"}],"replies":[{"embeddable":true,"href":"https:\/\/wir-entsorgen-sorgen.de\/tr\/wp-json\/wp\/v2\/comments?post=1592"}],"version-history":[{"count":5,"href":"https:\/\/wir-entsorgen-sorgen.de\/tr\/wp-json\/wp\/v2\/posts\/1592\/revisions"}],"predecessor-version":[{"id":3332,"href":"https:\/\/wir-entsorgen-sorgen.de\/tr\/wp-json\/wp\/v2\/posts\/1592\/revisions\/3332"}],"wp:featuredmedia":[{"embeddable":true,"href":"https:\/\/wir-entsorgen-sorgen.de\/tr\/wp-json\/wp\/v2\/media\/1890"}],"wp:attachment":[{"href":"https:\/\/wir-entsorgen-sorgen.de\/tr\/wp-json\/wp\/v2\/media?parent=1592"}],"wp:term":[{"taxonomy":"category","embeddable":true,"href":"https:\/\/wir-entsorgen-sorgen.de\/tr\/wp-json\/wp\/v2\/categories?post=1592"},{"taxonomy":"post_tag","embeddable":true,"href":"https:\/\/wir-entsorgen-sorgen.de\/tr\/wp-json\/wp\/v2\/tags?post=1592"}],"curies":[{"name":"wp","href":"https:\/\/api.w.org\/{rel}","templated":true}]}}