{"id":1677,"date":"2025-06-18T15:35:56","date_gmt":"2025-06-18T14:35:56","guid":{"rendered":"https:\/\/wir-entsorgen-sorgen.de\/?p=1677"},"modified":"2025-03-21T10:37:48","modified_gmt":"2025-03-21T09:37:48","slug":"abbruchexpertise-in-woerth-am-rhein","status":"publish","type":"post","link":"https:\/\/wir-entsorgen-sorgen.de\/tr\/abbruch\/abbruchexpertise-in-woerth-am-rhein\/","title":{"rendered":"W\u00f6rth am R'de y\u0131k\u0131m uzmanl\u0131\u011f\u0131"},"content":{"rendered":"<p>\"Biz <a href=\"https:\/\/wir-entsorgen-sorgen.de\/tr\/category\/abbruch\/\">\u0130mha etmek<\/a> Sorgen\", W\u00f6rth am Rhein'daki y\u0131k\u0131m i\u015fleri i\u00e7in g\u00fcvenilir hizmet sa\u011flay\u0131c\u0131n\u0131zd\u0131r. Uzmanl\u0131k bilgisi ve en son tekniklerle donat\u0131lm\u0131\u015f ekibimiz, kapsaml\u0131 planlama ve hassas uygulama ile tan\u0131n\u0131r.<\/p>\n<h2>W\u00f6rth am Rhein'da y\u0131k\u0131m i\u015fleri i\u00e7in profesyoneliniz<\/h2>\n<p>W\u00f6rth am Rhein'daki y\u0131k\u0131m \u015firketimiz, y\u0131k\u0131m projelerinin profesyonelce ele al\u0131nmas\u0131 konusunda m\u00fckemmel bir \u00fcne sahiptir. Do\u011fru y\u0131k\u0131m i\u00e7in uzman orta\u011f\u0131n\u0131z\u0131z <a href=\"https:\/\/www.badfix.gmbh\/badsanierung\/badsanierung-mainz-ihre-erste-wahl-fuer-eine-badsanierungsfirma\/\">S\u00f6k\u00fcm<\/a> Bina in\u015faat\u0131 ve in\u015faat m\u00fchendisli\u011fi alan\u0131ndaki zorlu y\u0131k\u0131m projelerinin yan\u0131 s\u0131ra, her zaman titiz ve kalite bilinciyle ger\u00e7ekle\u015ftirmeye \u00f6zen g\u00f6steriyoruz.<\/p>\n<p><img loading=\"lazy\" decoding=\"async\" class=\"alignnone wp-image-3012 size-full\" src=\"http:\/\/wir-entsorgen-sorgen.de\/wp-content\/uploads\/2023\/11\/Abb.-24.png\" alt=\"\" width=\"1024\" height=\"1024\" srcset=\"https:\/\/wir-entsorgen-sorgen.de\/wp-content\/uploads\/2023\/11\/Abb.-24.png 1024w, https:\/\/wir-entsorgen-sorgen.de\/wp-content\/uploads\/2023\/11\/Abb.-24-300x300.png 300w, https:\/\/wir-entsorgen-sorgen.de\/wp-content\/uploads\/2023\/11\/Abb.-24-80x80.png 80w, https:\/\/wir-entsorgen-sorgen.de\/wp-content\/uploads\/2023\/11\/Abb.-24-768x768.png 768w, https:\/\/wir-entsorgen-sorgen.de\/wp-content\/uploads\/2023\/11\/Abb.-24-12x12.png 12w, https:\/\/wir-entsorgen-sorgen.de\/wp-content\/uploads\/2023\/11\/Abb.-24-36x36.png 36w, https:\/\/wir-entsorgen-sorgen.de\/wp-content\/uploads\/2023\/11\/Abb.-24-180x180.png 180w, https:\/\/wir-entsorgen-sorgen.de\/wp-content\/uploads\/2023\/11\/Abb.-24-705x705.png 705w\" sizes=\"auto, (max-width: 1024px) 100vw, 1024px\" \/><\/p>\n<h2>Hizmet yelpazemiz: Dikkatli s\u00f6k\u00fcm ve sorumlu bertaraf<\/h2>\n<p>Hizmetlerimiz \u015funlar\u0131 i\u00e7erir<\/p>\n<ul>\n<li><strong>S\u00f6k\u00fcm<\/strong>: Hedefli ve g\u00fcvenli <a href=\"https:\/\/www.youtube.com\/watch?v=-vNWxcpJ5Eg&amp;ab_channel=Saarl%C3%A4ndischerRundfunk\">S\u00f6k\u00fcm<\/a> binalar ve altyap\u0131 bile\u015fenleri.<\/li>\n<li><strong>Decoring<\/strong>Bina dokusunu gelecek in\u015faat projelerine haz\u0131rlamak i\u00e7in i\u00e7 donan\u0131mlar\u0131n ve y\u00fck ta\u015f\u0131mayan yap\u0131lar\u0131n tamamen kald\u0131r\u0131lmas\u0131.<\/li>\n<li><strong>At\u0131k bertaraf\u0131<\/strong>: <a href=\"https:\/\/www.homeday.de\/de\/blog\/sanierungspflicht-bei-eigentuemerwechsel\/\">Y\u00f6netmeliklere g\u00f6re<\/a> ve in\u015faat molozlar\u0131n\u0131n ve di\u011fer at\u0131klar\u0131n \u00e7evre dostu bir \u015fekilde bertaraf edilmesi.<\/li>\n<li><strong>Bina in\u015faat\u0131<\/strong>: Bina in\u015faat\u0131nda hassas bir \u015fekilde y\u00fcr\u00fct\u00fclen y\u0131k\u0131m i\u015fi.<\/li>\n<li><strong>\u0130n\u015faat M\u00fchendisli\u011fi<\/strong>: <a href=\"https:\/\/www.bundesregierung.de\/breg-de\/aktuelles\/neubau-und-sanierung-foerdern-2038426\">Profesyonel<\/a> \u0130n\u015faat m\u00fchendisli\u011finde y\u0131k\u0131m s\u00fcre\u00e7lerinin nitelikli ekibimiz taraf\u0131ndan y\u00fcr\u00fct\u00fclmesi.<\/li>\n<\/ul>\n<h2>W\u00f6rth am Rhein'daki \"Wir entsorgen Sorgen \"in avantajlar\u0131<\/h2>\n<p>M\u00fc\u015fterilerimiz bizi tercih ediyor \u00e7\u00fcnk\u00fc:<\/p>\n<ul>\n<li><strong>Sorumluluk<\/strong>Programlara s\u0131k\u0131 s\u0131k\u0131ya ba\u011fl\u0131 kal\u0131nmas\u0131 ve projelerin etkin bir \u015fekilde tamamlanmas\u0131.<\/li>\n<li><strong>Uzmanl\u0131k<\/strong>Y\u0131k\u0131m\u0131n t\u00fcm y\u00f6nlerinde uzun y\u0131llara dayanan deneyim ve derinlemesine uzmanl\u0131k.<\/li>\n<li><strong>Maliyet \u015feffafl\u0131\u011f\u0131<\/strong>: Net ve a\u00e7\u0131k bir <a href=\"https:\/\/www.kfw.de\/inlandsfoerderung\/Privatpersonen\/Bestehende-Immobilie\/F%C3%B6rderprodukte\/Energieeffizient-Sanieren-Baubegleitung-(431)\/\">Maliyete genel bak\u0131\u015f<\/a> gizli olmadan <a href=\"https:\/\/www.foerder-welt.de\/content\/foerderwelt\/de\/wohnen\/wissen-stories\/baubegleitung_hausbau_und_sanierung.html\">Ek maliyetler<\/a>.<\/li>\n<\/ul>\n<p>W\u00f6rth am Rhein'da \"Wir entsorgen Sorgen\", kapsaml\u0131 uzmanl\u0131k ve m\u00fc\u015fteri odakl\u0131 hizmet ile karakterize edilen bir y\u0131k\u0131m \u015firketi anlam\u0131na gelir. Kapsaml\u0131 hizmet yelpazemiz hakk\u0131nda daha fazla bilgi edinmek i\u00e7in bizimle ileti\u015fime ge\u00e7in. Uzmanl\u0131\u011f\u0131m\u0131z ve taahh\u00fcd\u00fcm\u00fczle y\u0131k\u0131m projelerinizi ba\u015far\u0131ya ula\u015ft\u0131rmaya haz\u0131r\u0131z!<\/p>","protected":false},"excerpt":{"rendered":"<p>&#8222;Wir entsorgen Sorgen&#8220; ist Ihr zuverl\u00e4ssiger Dienstleister f\u00fcr Abbrucharbeiten in W\u00f6rth am Rhein. Unser Team, ausgestattet mit spezialisiertem Wissen und modernsten Techniken, ist bekannt f\u00fcr seine gr\u00fcndliche Planung und pr\u00e4zise Umsetzung. Ihr Profi f\u00fcr Abbruchaufgaben in W\u00f6rth am Rhein In W\u00f6rth am Rhein genie\u00dft unser Abbruchbetrieb einen exzellenten Ruf f\u00fcr die professionelle Abwicklung von Abbruchprojekten. [&hellip;]<\/p>\n","protected":false},"author":4,"featured_media":2184,"comment_status":"open","ping_status":"open","sticky":false,"template":"","format":"standard","meta":{"footnotes":""},"categories":[8],"tags":[],"class_list":["post-1677","post","type-post","status-publish","format-standard","has-post-thumbnail","hentry","category-abbruch"],"_links":{"self":[{"href":"https:\/\/wir-entsorgen-sorgen.de\/tr\/wp-json\/wp\/v2\/posts\/1677","targetHints":{"allow":["GET"]}}],"collection":[{"href":"https:\/\/wir-entsorgen-sorgen.de\/tr\/wp-json\/wp\/v2\/posts"}],"about":[{"href":"https:\/\/wir-entsorgen-sorgen.de\/tr\/wp-json\/wp\/v2\/types\/post"}],"author":[{"embeddable":true,"href":"https:\/\/wir-entsorgen-sorgen.de\/tr\/wp-json\/wp\/v2\/users\/4"}],"replies":[{"embeddable":true,"href":"https:\/\/wir-entsorgen-sorgen.de\/tr\/wp-json\/wp\/v2\/comments?post=1677"}],"version-history":[{"count":4,"href":"https:\/\/wir-entsorgen-sorgen.de\/tr\/wp-json\/wp\/v2\/posts\/1677\/revisions"}],"predecessor-version":[{"id":3623,"href":"https:\/\/wir-entsorgen-sorgen.de\/tr\/wp-json\/wp\/v2\/posts\/1677\/revisions\/3623"}],"wp:featuredmedia":[{"embeddable":true,"href":"https:\/\/wir-entsorgen-sorgen.de\/tr\/wp-json\/wp\/v2\/media\/2184"}],"wp:attachment":[{"href":"https:\/\/wir-entsorgen-sorgen.de\/tr\/wp-json\/wp\/v2\/media?parent=1677"}],"wp:term":[{"taxonomy":"category","embeddable":true,"href":"https:\/\/wir-entsorgen-sorgen.de\/tr\/wp-json\/wp\/v2\/categories?post=1677"},{"taxonomy":"post_tag","embeddable":true,"href":"https:\/\/wir-entsorgen-sorgen.de\/tr\/wp-json\/wp\/v2\/tags?post=1677"}],"curies":[{"name":"wp","href":"https:\/\/api.w.org\/{rel}","templated":true}]}}