{"id":1727,"date":"2023-11-13T13:08:55","date_gmt":"2023-11-13T12:08:55","guid":{"rendered":"https:\/\/wir-entsorgen-sorgen.de\/?p=1727"},"modified":"2024-01-24T15:01:42","modified_gmt":"2024-01-24T14:01:42","slug":"abbruchdienstleister-in-nieder-olm","status":"publish","type":"post","link":"https:\/\/wir-entsorgen-sorgen.de\/tr\/abbruch\/abbruchdienstleister-in-nieder-olm\/","title":{"rendered":"Nieder-Olm'da y\u0131k\u0131m hizmeti sa\u011flay\u0131c\u0131s\u0131"},"content":{"rendered":"<p>\"Biz <a href=\"https:\/\/wir-entsorgen-sorgen.de\/tr\/category\/blog\/\">\u0130mha etmek<\/a> Sorgen\" a\u015fa\u011f\u0131dakiler i\u00e7in g\u00fcvenilir orta\u011f\u0131n\u0131zd\u0131r <a href=\"https:\/\/www.sorglos-bauen.gmbh\/abbruch\/abbrucharbeiten-in-wiesbaden\/\">Y\u0131k\u0131m \u00e7al\u0131\u015fmalar\u0131<\/a> Nieder-Olm'da. Derinlemesine uzmanl\u0131k ve en son teknoloji ile donat\u0131lm\u0131\u015f ekibimiz, stratejik planlama ve y\u0131k\u0131m projelerinin dikkatli bir \u015fekilde uygulanmas\u0131 ile karakterize edilir.<\/p>\n<p><img loading=\"lazy\" decoding=\"async\" class=\"alignnone wp-image-2336 size-full\" src=\"http:\/\/wir-entsorgen-sorgen.de\/wp-content\/uploads\/2023\/11\/39.png\" alt=\"\" width=\"1792\" height=\"1024\" srcset=\"https:\/\/wir-entsorgen-sorgen.de\/wp-content\/uploads\/2023\/11\/39.png 1792w, https:\/\/wir-entsorgen-sorgen.de\/wp-content\/uploads\/2023\/11\/39-300x171.png 300w, https:\/\/wir-entsorgen-sorgen.de\/wp-content\/uploads\/2023\/11\/39-1030x589.png 1030w, https:\/\/wir-entsorgen-sorgen.de\/wp-content\/uploads\/2023\/11\/39-768x439.png 768w, https:\/\/wir-entsorgen-sorgen.de\/wp-content\/uploads\/2023\/11\/39-1536x878.png 1536w, https:\/\/wir-entsorgen-sorgen.de\/wp-content\/uploads\/2023\/11\/39-18x10.png 18w, https:\/\/wir-entsorgen-sorgen.de\/wp-content\/uploads\/2023\/11\/39-1500x857.png 1500w, https:\/\/wir-entsorgen-sorgen.de\/wp-content\/uploads\/2023\/11\/39-705x403.png 705w\" sizes=\"auto, (max-width: 1792px) 100vw, 1792px\" \/><\/p>\n<h2>Nieder-Olm'daki y\u0131k\u0131m uzman\u0131n\u0131z<\/h2>\n<p>\u015eirketimiz, Nieder-Olm'da y\u0131k\u0131m projelerinin profesyonelce ele al\u0131nmas\u0131 konusunda m\u00fckemmel bir \u00fcne sahiptir. Planl\u0131 y\u0131k\u0131m\u0131n yan\u0131 s\u0131ra yap\u0131 ve in\u015faat m\u00fchendisli\u011findeki zorlu y\u0131k\u0131m i\u015fleri i\u00e7in g\u00fcvenilir orta\u011f\u0131n\u0131z olarak, hassas ve kalite bilincine sahip bir yakla\u015f\u0131ma g\u00fcveniyoruz.<\/p>\n<h2>Hizmet yelpazemiz: Dikkatli s\u00f6k\u00fcm ve sorumlu bertaraf<\/h2>\n<p>A\u015fa\u011f\u0131daki hizmetleri sunuyoruz:<\/p>\n<ul>\n<li><strong>S\u00f6k\u00fcm<\/strong>Binalar\u0131n ve yap\u0131sal bile\u015fenlerin hedefli ve g\u00fcvenli bir \u015fekilde s\u00f6k\u00fclmesi.<\/li>\n<li><strong>Decoring<\/strong>Bina dokusunu gelecekteki in\u015faat projelerine haz\u0131rlamak i\u00e7in i\u00e7 donan\u0131mlar\u0131n ve y\u00fck ta\u015f\u0131mayan bile\u015fenlerin ayr\u0131nt\u0131l\u0131 olarak kald\u0131r\u0131lmas\u0131.<\/li>\n<li><strong>At\u0131k bertaraf\u0131<\/strong>\u0130n\u015faat molozlar\u0131n\u0131n ve di\u011fer at\u0131k malzemelerin yasal ve \u00e7evre dostu bir \u015fekilde bertaraf edilmesi.<\/li>\n<li><strong>Bina in\u015faat\u0131<\/strong>: Tam olarak uyguland\u0131 <a href=\"https:\/\/www.youtube.com\/watch?v=-vNWxcpJ5Eg\">Y\u0131k\u0131m \u00e7al\u0131\u015fmalar\u0131<\/a> bina in\u015faat\u0131 alan\u0131nda.<\/li>\n<li><strong>\u0130n\u015faat M\u00fchendisli\u011fi<\/strong>: Profesyonel <a href=\"https:\/\/www.schwaebisch-hall.de\/ratgeber\/sanieren-und-modernisieren\/energetische-sanierung\/gebaeudeenergiegesetz.html\">Ger\u00e7ekle\u015ftirme<\/a> in\u015faat m\u00fchendisli\u011finde y\u0131k\u0131m s\u00fcre\u00e7lerinin nitelikli ekibimiz taraf\u0131ndan ger\u00e7ekle\u015ftirilmesi.<\/li>\n<\/ul>\n<h2>Nieder-Olm'daki \"Wir entsorgen Sorgen \"in g\u00fc\u00e7l\u00fc y\u00f6nleri<\/h2>\n<p>M\u00fc\u015fterilerimiz bize de\u011fer veriyor:<\/p>\n<ul>\n<li><strong>g\u00fcvenilirlik<\/strong>Programlara tutarl\u0131 ba\u011fl\u0131l\u0131k ve y\u0131k\u0131m projelerinin verimli bir \u015fekilde y\u00fcr\u00fct\u00fclmesi.<\/li>\n<li><strong>Uzmanl\u0131k<\/strong>Y\u0131k\u0131m\u0131n t\u00fcm segmentlerinde kapsaml\u0131 deneyim ve uzmanl\u0131k bilgisi.<\/li>\n<li><strong>Fiyat adaleti<\/strong>: A\u00e7\u0131k ve anla\u015f\u0131l\u0131r bir <a href=\"https:\/\/www.kfw.de\/inlandsfoerderung\/Privatpersonen\/Bestehende-Immobilie\/F%C3%B6rderprodukte\/Energieeffizient-Sanieren-Baubegleitung-(431)\/\">Maliyet yap\u0131s\u0131<\/a> gizli olmadan <a href=\"https:\/\/www.bundesregierung.de\/breg-de\/aktuelles\/neubau-und-sanierung-foerdern-2038426\">Ek maliyetler<\/a>.<\/li>\n<\/ul>\n<p>Nieder-Olm'da \"Wir entsorgen Sorgen\", kapsaml\u0131 uzmanl\u0131\u011f\u0131 ve m\u00fc\u015fteri odakl\u0131 hizmetiyle karakterize edilen bir y\u0131k\u0131m \u015firketi anlam\u0131na gelir. Hizmetlerimiz hakk\u0131nda daha fazla bilgi edinmek i\u00e7in bizimle ileti\u015fime ge\u00e7in. Uzmanl\u0131\u011f\u0131m\u0131z ve taahh\u00fcd\u00fcm\u00fczle y\u0131k\u0131m projelerinizi ba\u015far\u0131ya ula\u015ft\u0131rmaya haz\u0131r\u0131z!<\/p>","protected":false},"excerpt":{"rendered":"<p>&#8222;Wir entsorgen Sorgen&#8220; ist Ihr vertrauensw\u00fcrdiger Partner f\u00fcr Abbrucharbeiten in Nieder-Olm. Unser Team, ausgestattet mit tiefgehendem Fachwissen und modernster Technik, zeichnet sich durch strategische Planung und die sorgf\u00e4ltige Umsetzung von Abbruchauftr\u00e4gen aus. Ihr Spezialist f\u00fcr Abbruch in Nieder-Olm Unser Unternehmen genie\u00dft in Nieder-Olm einen exzellenten Ruf f\u00fcr die professionelle Abwicklung von Abbruchvorhaben. Als Ihr zuverl\u00e4ssiger [&hellip;]<\/p>\n","protected":false},"author":4,"featured_media":2178,"comment_status":"open","ping_status":"open","sticky":false,"template":"","format":"standard","meta":{"footnotes":""},"categories":[8],"tags":[],"class_list":["post-1727","post","type-post","status-publish","format-standard","has-post-thumbnail","hentry","category-abbruch"],"_links":{"self":[{"href":"https:\/\/wir-entsorgen-sorgen.de\/tr\/wp-json\/wp\/v2\/posts\/1727","targetHints":{"allow":["GET"]}}],"collection":[{"href":"https:\/\/wir-entsorgen-sorgen.de\/tr\/wp-json\/wp\/v2\/posts"}],"about":[{"href":"https:\/\/wir-entsorgen-sorgen.de\/tr\/wp-json\/wp\/v2\/types\/post"}],"author":[{"embeddable":true,"href":"https:\/\/wir-entsorgen-sorgen.de\/tr\/wp-json\/wp\/v2\/users\/4"}],"replies":[{"embeddable":true,"href":"https:\/\/wir-entsorgen-sorgen.de\/tr\/wp-json\/wp\/v2\/comments?post=1727"}],"version-history":[{"count":3,"href":"https:\/\/wir-entsorgen-sorgen.de\/tr\/wp-json\/wp\/v2\/posts\/1727\/revisions"}],"predecessor-version":[{"id":3174,"href":"https:\/\/wir-entsorgen-sorgen.de\/tr\/wp-json\/wp\/v2\/posts\/1727\/revisions\/3174"}],"wp:featuredmedia":[{"embeddable":true,"href":"https:\/\/wir-entsorgen-sorgen.de\/tr\/wp-json\/wp\/v2\/media\/2178"}],"wp:attachment":[{"href":"https:\/\/wir-entsorgen-sorgen.de\/tr\/wp-json\/wp\/v2\/media?parent=1727"}],"wp:term":[{"taxonomy":"category","embeddable":true,"href":"https:\/\/wir-entsorgen-sorgen.de\/tr\/wp-json\/wp\/v2\/categories?post=1727"},{"taxonomy":"post_tag","embeddable":true,"href":"https:\/\/wir-entsorgen-sorgen.de\/tr\/wp-json\/wp\/v2\/tags?post=1727"}],"curies":[{"name":"wp","href":"https:\/\/api.w.org\/{rel}","templated":true}]}}