{"id":1754,"date":"2023-11-13T13:02:31","date_gmt":"2023-11-13T12:02:31","guid":{"rendered":"https:\/\/wir-entsorgen-sorgen.de\/?p=1754"},"modified":"2024-02-02T12:08:20","modified_gmt":"2024-02-02T11:08:20","slug":"abbruchdienstleister-in-kandel-pfalz","status":"publish","type":"post","link":"https:\/\/wir-entsorgen-sorgen.de\/tr\/abbruch\/abbruchdienstleister-in-kandel-pfalz\/","title":{"rendered":"Kandel'de y\u0131k\u0131m hizmeti sa\u011flay\u0131c\u0131s\u0131 (Pf.)"},"content":{"rendered":"<p>\"Biz <a href=\"https:\/\/wir-entsorgen-sorgen.de\/tr\/category\/blog\/\">\u0130mha etmek<\/a> Sorgen\" Kandel'de (Pfalz) nitelikli y\u0131k\u0131m \u00e7al\u0131\u015fmalar\u0131 anlam\u0131na gelir. Kapsaml\u0131 uzmanl\u0131\u011fa sahip ve en son teknolojiyle donat\u0131lm\u0131\u015f ekibimiz, y\u0131k\u0131m i\u015flerinin kapsaml\u0131 planlamas\u0131 ve hassas bir \u015fekilde ger\u00e7ekle\u015ftirilmesiyle tan\u0131n\u0131r.<\/p>\n<h2>Kandel'deki (Pfalz) y\u0131k\u0131m projeleri i\u00e7in orta\u011f\u0131n\u0131z<\/h2>\n<p>Y\u0131k\u0131m hizmetimiz, Kandel'de (Pfalz) y\u0131k\u0131m \u00f6nlemlerinin profesyonelce uygulanmas\u0131 konusunda m\u00fckemmel bir itibar kazanm\u0131\u015ft\u0131r. Hedeflenen y\u0131k\u0131m i\u00e7in g\u00fcvenilir orta\u011f\u0131n\u0131z olarak <a href=\"https:\/\/www.badfix.gmbh\/badsanierung\/badsanierung-mainz-ihre-erste-wahl-fuer-eine-badsanierungsfirma\/\">S\u00f6k\u00fcm<\/a> Bina in\u015faat\u0131 ve in\u015faat m\u00fchendisli\u011fi alan\u0131ndaki kapsaml\u0131 y\u0131k\u0131m \u00e7al\u0131\u015fmalar\u0131 i\u00e7in detay odakl\u0131 ve kalite bilincine sahip bir \u00e7al\u0131\u015fma y\u00f6ntemine g\u00fcveniyoruz.<\/p>\n<p><img loading=\"lazy\" decoding=\"async\" class=\"alignnone wp-image-3009 size-full\" src=\"http:\/\/wir-entsorgen-sorgen.de\/wp-content\/uploads\/2023\/11\/Abb.-21.png\" alt=\"\" width=\"1024\" height=\"1024\" srcset=\"https:\/\/wir-entsorgen-sorgen.de\/wp-content\/uploads\/2023\/11\/Abb.-21.png 1024w, https:\/\/wir-entsorgen-sorgen.de\/wp-content\/uploads\/2023\/11\/Abb.-21-300x300.png 300w, https:\/\/wir-entsorgen-sorgen.de\/wp-content\/uploads\/2023\/11\/Abb.-21-80x80.png 80w, https:\/\/wir-entsorgen-sorgen.de\/wp-content\/uploads\/2023\/11\/Abb.-21-768x768.png 768w, https:\/\/wir-entsorgen-sorgen.de\/wp-content\/uploads\/2023\/11\/Abb.-21-12x12.png 12w, https:\/\/wir-entsorgen-sorgen.de\/wp-content\/uploads\/2023\/11\/Abb.-21-36x36.png 36w, https:\/\/wir-entsorgen-sorgen.de\/wp-content\/uploads\/2023\/11\/Abb.-21-180x180.png 180w, https:\/\/wir-entsorgen-sorgen.de\/wp-content\/uploads\/2023\/11\/Abb.-21-705x705.png 705w\" sizes=\"auto, (max-width: 1024px) 100vw, 1024px\" \/><\/p>\n<h2>Hizmet yelpazemiz: \u0130yi d\u00fc\u015f\u00fcn\u00fclm\u00fc\u015f s\u00f6k\u00fcm ve \u00e7evre dostu bertaraf<\/h2>\n<p>Hizmetlerimiz \u015funlar\u0131 i\u00e7erir<\/p>\n<ul>\n<li><strong>S\u00f6k\u00fcm<\/strong>: Hedefli ve g\u00fcvenli <a href=\"https:\/\/www.youtube.com\/watch?v=-vNWxcpJ5Eg&amp;ab_channel=Saarl%C3%A4ndischerRundfunk\">S\u00f6k\u00fcm<\/a> binalar\u0131n ve yap\u0131lar\u0131n.<\/li>\n<li><strong>Decoring<\/strong>Bina dokusunu gelecekteki in\u015faat projelerine haz\u0131rlamak i\u00e7in i\u00e7 donan\u0131mlar\u0131n ve y\u00fck ta\u015f\u0131mayan bile\u015fenlerin tamamen kald\u0131r\u0131lmas\u0131.<\/li>\n<li><strong>At\u0131k bertaraf\u0131<\/strong>: <a href=\"https:\/\/www.homeday.de\/de\/blog\/sanierungspflicht-bei-eigentuemerwechsel\/\">Standartla\u015ft\u0131r\u0131lm\u0131\u015f<\/a> ve in\u015faat molozlar\u0131n\u0131n ve di\u011fer at\u0131k malzemelerin \u00e7evre dostu bir \u015fekilde bertaraf edilmesi.<\/li>\n<li><strong>Bina in\u015faat\u0131<\/strong>: Bina in\u015faat\u0131nda y\u0131k\u0131m i\u015flerinin do\u011fru bir \u015fekilde y\u00fcr\u00fct\u00fclmesi.<\/li>\n<li><strong>\u0130n\u015faat M\u00fchendisli\u011fi<\/strong>: <a href=\"https:\/\/www.bundesregierung.de\/breg-de\/aktuelles\/neubau-und-sanierung-foerdern-2038426\">Uzmanlar<\/a> \u0130n\u015faat m\u00fchendisli\u011finde y\u0131k\u0131m i\u015flerinin deneyimli ekibimiz taraf\u0131ndan y\u00fcr\u00fct\u00fclmesi.<\/li>\n<\/ul>\n<h2>Kandel'deki (Pfalz) \"Wir entsorgen Sorgen \"in avantajlar\u0131<\/h2>\n<p>M\u00fc\u015fterilerimiz bize de\u011fer veriyor:<\/p>\n<ul>\n<li><strong>g\u00fcvenilirlik<\/strong>Programlara s\u0131k\u0131 s\u0131k\u0131ya ba\u011fl\u0131l\u0131k ve y\u0131k\u0131m projelerinin verimli bir \u015fekilde ele al\u0131nmas\u0131.<\/li>\n<li><strong>Uzmanl\u0131k<\/strong>Y\u0131k\u0131m\u0131n t\u00fcm alanlar\u0131nda uzun y\u0131llara dayanan deneyim ve uzmanl\u0131k.<\/li>\n<li><strong>Fiyat adaleti<\/strong>: \u015eeffaf ve d\u00fcr\u00fcst bir <a href=\"https:\/\/www.kfw.de\/inlandsfoerderung\/Privatpersonen\/Bestehende-Immobilie\/F%C3%B6rderprodukte\/Energieeffizient-Sanieren-Baubegleitung-(431)\/\">Maliyet yap\u0131s\u0131<\/a> beklenmedik bir durum olmadan <a href=\"https:\/\/www.foerder-welt.de\/content\/foerderwelt\/de\/wohnen\/wissen-stories\/baubegleitung_hausbau_und_sanierung.html\">Ek \u00fccretler<\/a>.<\/li>\n<\/ul>\n<p>Kandel'de (Pfalz) \"Wir entsorgen Sorgen\", kapsaml\u0131 uzmanl\u0131\u011f\u0131 ve m\u00fc\u015fteri odakl\u0131 hizmetiyle parlayan bir y\u0131k\u0131m \u015firketini temsil ediyor. Hizmetlerimiz hakk\u0131nda daha fazla bilgi edinmek i\u00e7in bizimle ileti\u015fime ge\u00e7in. Uzmanl\u0131\u011f\u0131m\u0131z ve taahh\u00fcd\u00fcm\u00fczle y\u0131k\u0131m projelerinizi ba\u015far\u0131ya ula\u015ft\u0131rmaya haz\u0131r\u0131z!<\/p>","protected":false},"excerpt":{"rendered":"<p>&#8222;Wir entsorgen Sorgen&#8220; steht in Kandel (Pfalz) f\u00fcr qualifizierte Abbrucharbeiten. Unser Team, bewaffnet mit umfangreichem Fachwissen und ausgestattet mit der neuesten Technik, ist bekannt f\u00fcr seine gr\u00fcndliche Planung und die pr\u00e4zise Realisierung von Abbruchauftr\u00e4gen. Ihr Partner f\u00fcr Abbruchprojekte in Kandel (Pfalz) Unser Abbruchservice hat in Kandel (Pfalz) einen hervorragenden Ruf f\u00fcr die professionelle Durchf\u00fchrung von [&hellip;]<\/p>\n","protected":false},"author":4,"featured_media":2203,"comment_status":"open","ping_status":"open","sticky":false,"template":"","format":"standard","meta":{"footnotes":""},"categories":[8],"tags":[],"class_list":["post-1754","post","type-post","status-publish","format-standard","has-post-thumbnail","hentry","category-abbruch"],"_links":{"self":[{"href":"https:\/\/wir-entsorgen-sorgen.de\/tr\/wp-json\/wp\/v2\/posts\/1754","targetHints":{"allow":["GET"]}}],"collection":[{"href":"https:\/\/wir-entsorgen-sorgen.de\/tr\/wp-json\/wp\/v2\/posts"}],"about":[{"href":"https:\/\/wir-entsorgen-sorgen.de\/tr\/wp-json\/wp\/v2\/types\/post"}],"author":[{"embeddable":true,"href":"https:\/\/wir-entsorgen-sorgen.de\/tr\/wp-json\/wp\/v2\/users\/4"}],"replies":[{"embeddable":true,"href":"https:\/\/wir-entsorgen-sorgen.de\/tr\/wp-json\/wp\/v2\/comments?post=1754"}],"version-history":[{"count":4,"href":"https:\/\/wir-entsorgen-sorgen.de\/tr\/wp-json\/wp\/v2\/posts\/1754\/revisions"}],"predecessor-version":[{"id":3159,"href":"https:\/\/wir-entsorgen-sorgen.de\/tr\/wp-json\/wp\/v2\/posts\/1754\/revisions\/3159"}],"wp:featuredmedia":[{"embeddable":true,"href":"https:\/\/wir-entsorgen-sorgen.de\/tr\/wp-json\/wp\/v2\/media\/2203"}],"wp:attachment":[{"href":"https:\/\/wir-entsorgen-sorgen.de\/tr\/wp-json\/wp\/v2\/media?parent=1754"}],"wp:term":[{"taxonomy":"category","embeddable":true,"href":"https:\/\/wir-entsorgen-sorgen.de\/tr\/wp-json\/wp\/v2\/categories?post=1754"},{"taxonomy":"post_tag","embeddable":true,"href":"https:\/\/wir-entsorgen-sorgen.de\/tr\/wp-json\/wp\/v2\/tags?post=1754"}],"curies":[{"name":"wp","href":"https:\/\/api.w.org\/{rel}","templated":true}]}}