{"id":1766,"date":"2023-11-14T15:24:58","date_gmt":"2023-11-14T14:24:58","guid":{"rendered":"https:\/\/wir-entsorgen-sorgen.de\/?p=1766"},"modified":"2024-02-02T13:52:57","modified_gmt":"2024-02-02T12:52:57","slug":"abbruchdienste-in-kirn","status":"publish","type":"post","link":"https:\/\/wir-entsorgen-sorgen.de\/tr\/abbruch\/abbruchdienste-in-kirn\/","title":{"rendered":"Kirn'de y\u0131k\u0131m hizmetleri"},"content":{"rendered":"<p>\"Biz <a href=\"https:\/\/wir-entsorgen-sorgen.de\/tr\/category\/blog\/\">\u0130mha etmek<\/a> Sorgen\" i\u00e7in irtibat ki\u015finiz <a href=\"https:\/\/www.sorglos-bauen.gmbh\/abbruch\/abbrucharbeiten-in-wiesbaden\/\">Y\u0131k\u0131m \u00e7al\u0131\u015fmalar\u0131<\/a> Kirn'de ayr\u0131nt\u0131l\u0131 uzmanl\u0131k ve ileri teknolojilerin kullan\u0131m\u0131 ile karakterize edilir. Ekibimiz, y\u0131k\u0131m projelerinin titizlikle planlanmas\u0131 ve hassas bir \u015fekilde y\u00fcr\u00fct\u00fclmesiyle tan\u0131nmaktad\u0131r.<\/p>\n<p><img loading=\"lazy\" decoding=\"async\" class=\"aligncenter wp-image-3199 size-full\" src=\"http:\/\/wir-entsorgen-sorgen.de\/wp-content\/uploads\/2023\/11\/Abb.-59.webp\" alt=\"\" width=\"1792\" height=\"1024\" srcset=\"https:\/\/wir-entsorgen-sorgen.de\/wp-content\/uploads\/2023\/11\/Abb.-59.webp 1792w, https:\/\/wir-entsorgen-sorgen.de\/wp-content\/uploads\/2023\/11\/Abb.-59-300x171.webp 300w, https:\/\/wir-entsorgen-sorgen.de\/wp-content\/uploads\/2023\/11\/Abb.-59-1030x589.webp 1030w, https:\/\/wir-entsorgen-sorgen.de\/wp-content\/uploads\/2023\/11\/Abb.-59-768x439.webp 768w, https:\/\/wir-entsorgen-sorgen.de\/wp-content\/uploads\/2023\/11\/Abb.-59-1536x878.webp 1536w, https:\/\/wir-entsorgen-sorgen.de\/wp-content\/uploads\/2023\/11\/Abb.-59-18x10.webp 18w, https:\/\/wir-entsorgen-sorgen.de\/wp-content\/uploads\/2023\/11\/Abb.-59-1500x857.webp 1500w, https:\/\/wir-entsorgen-sorgen.de\/wp-content\/uploads\/2023\/11\/Abb.-59-705x403.webp 705w\" sizes=\"auto, (max-width: 1792px) 100vw, 1792px\" \/><\/p>\n<h2>Kirn'deki y\u0131k\u0131m uzman\u0131n\u0131z<\/h2>\n<p>Kirn'de y\u0131k\u0131m hizmetimiz, y\u0131k\u0131m g\u00f6revlerinin profesyonel bir \u015fekilde yerine getirilmesiyle ad\u0131n\u0131 duyurmu\u015ftur. Bina in\u015faat\u0131 ve in\u015faat m\u00fchendisli\u011fi alan\u0131nda hedefe y\u00f6nelik y\u0131k\u0131m ve \u00f6zel y\u0131k\u0131m i\u015fleri i\u00e7in g\u00fcvenilir orta\u011f\u0131n\u0131z olarak, hassas ve kalite bilincine sahip bir \u00e7al\u0131\u015fma \u015fekline b\u00fcy\u00fck \u00f6nem veriyoruz.<\/p>\n<h2>Hizmet yelpazemiz: \u0130yi d\u00fc\u015f\u00fcn\u00fclm\u00fc\u015f s\u00f6k\u00fcm ve \u00e7evre dostu bertaraf<\/h2>\n<p>Hizmetlerimiz \u015funlar\u0131 i\u00e7erir:<\/p>\n<ul>\n<li><strong>S\u00f6k\u00fcm<\/strong>Binalar\u0131n ve yap\u0131lar\u0131n hedefli ve g\u00fcvenli bir \u015fekilde s\u00f6k\u00fclmesi.<\/li>\n<li><strong>Decoring<\/strong>Bina dokusunu sonraki in\u015faat projelerine haz\u0131rlamak i\u00e7in i\u00e7 donan\u0131mlar\u0131n ve y\u00fck ta\u015f\u0131mayan bile\u015fenlerin tamamen kald\u0131r\u0131lmas\u0131.<\/li>\n<li><strong>At\u0131k bertaraf\u0131<\/strong>\u0130n\u015faat molozu ve di\u011fer at\u0131k \u00fcr\u00fcnlerin yasalara uygun ve \u00e7evre dostu bir \u015fekilde bertaraf edilmesi.<\/li>\n<li><strong>Bina in\u015faat\u0131<\/strong>: Bina in\u015faat\u0131nda hassas bir \u015fekilde y\u00fcr\u00fct\u00fclen y\u0131k\u0131m i\u015fi.<\/li>\n<li><strong>\u0130n\u015faat M\u00fchendisli\u011fi<\/strong>: Profesyonel olarak ger\u00e7ekle\u015ftirilmesi <a href=\"https:\/\/www.youtube.com\/watch?v=-vNWxcpJ5Eg\">Y\u0131k\u0131m projesi<\/a> deneyimli ekibimiz taraf\u0131ndan in\u015faat m\u00fchendisli\u011finde.<\/li>\n<\/ul>\n<h2>Kirn'deki \"Wir entsorgen Sorgen \"in avantajlar\u0131<\/h2>\n<p>M\u00fc\u015fterilerimiz bizi tercih ediyor \u00e7\u00fcnk\u00fc:<\/p>\n<ul>\n<li><strong>g\u00fcvenilirlik<\/strong>Programlara s\u0131k\u0131 s\u0131k\u0131ya ba\u011fl\u0131 kal\u0131nmas\u0131 ve y\u0131k\u0131m projelerinin etkin bir \u015fekilde ger\u00e7ekle\u015ftirilmesi.<\/li>\n<li><strong>Uzmanl\u0131k<\/strong>Y\u0131k\u0131m\u0131n t\u00fcm alanlar\u0131nda uzun y\u0131llara dayanan deneyim ve uzmanl\u0131k.<\/li>\n<li><a href=\"https:\/\/www.foerder-welt.de\/content\/foerderwelt\/de\/wohnen\/wissen-stories\/baubegleitung_hausbau_und_sanierung.html\"><strong>Fiyat \u015feffafl\u0131\u011f\u0131<\/strong><\/a>: A\u00e7\u0131k ve adil bir <a href=\"https:\/\/www.bundesregierung.de\/breg-de\/aktuelles\/neubau-und-sanierung-foerdern-2038426\">Maliyet yap\u0131s\u0131<\/a> beklenmedik bir durum olmadan <a href=\"https:\/\/www.kfw.de\/inlandsfoerderung\/Privatpersonen\/Bestehende-Immobilie\/F%C3%B6rderprodukte\/Energieeffizient-Sanieren-Baubegleitung-(431)\/\">Ek maliyetler<\/a>.<\/li>\n<\/ul>\n<p>Kirn'de \"Wir entsorgen Sorgen\", kapsaml\u0131 uzmanl\u0131k ve m\u00fc\u015fteri odakl\u0131 hizmet ile karakterize edilen bir y\u0131k\u0131m \u015firketi anlam\u0131na gelir. Hizmetlerimiz hakk\u0131nda daha fazla bilgi edinmek i\u00e7in bizimle ileti\u015fime ge\u00e7in. Uzmanl\u0131\u011f\u0131m\u0131z ve taahh\u00fcd\u00fcm\u00fczle y\u0131k\u0131m projelerinizi ba\u015far\u0131ya ula\u015ft\u0131rmaya haz\u0131r\u0131z!<\/p>","protected":false},"excerpt":{"rendered":"<p>&#8222;Wir entsorgen Sorgen&#8220; ist Ihr Ansprechpartner f\u00fcr Abbrucharbeiten in Kirn, der sich durch detaillierte Fachkenntnis und den Einsatz fortschrittlicher Technologien auszeichnet. Unser Team ist f\u00fcr seine sorgf\u00e4ltige Planung und die pr\u00e4zise Durchf\u00fchrung von Abbruchprojekten renommiert. Ihr Spezialist f\u00fcr Abbruch in Kirn In Kirn hat sich unser Abbruchservice einen Namen f\u00fcr die professionelle Ausf\u00fchrung von Abbruchaufgaben [&hellip;]<\/p>\n","protected":false},"author":4,"featured_media":2160,"comment_status":"open","ping_status":"open","sticky":false,"template":"","format":"standard","meta":{"footnotes":""},"categories":[8],"tags":[],"class_list":["post-1766","post","type-post","status-publish","format-standard","has-post-thumbnail","hentry","category-abbruch"],"_links":{"self":[{"href":"https:\/\/wir-entsorgen-sorgen.de\/tr\/wp-json\/wp\/v2\/posts\/1766","targetHints":{"allow":["GET"]}}],"collection":[{"href":"https:\/\/wir-entsorgen-sorgen.de\/tr\/wp-json\/wp\/v2\/posts"}],"about":[{"href":"https:\/\/wir-entsorgen-sorgen.de\/tr\/wp-json\/wp\/v2\/types\/post"}],"author":[{"embeddable":true,"href":"https:\/\/wir-entsorgen-sorgen.de\/tr\/wp-json\/wp\/v2\/users\/4"}],"replies":[{"embeddable":true,"href":"https:\/\/wir-entsorgen-sorgen.de\/tr\/wp-json\/wp\/v2\/comments?post=1766"}],"version-history":[{"count":4,"href":"https:\/\/wir-entsorgen-sorgen.de\/tr\/wp-json\/wp\/v2\/posts\/1766\/revisions"}],"predecessor-version":[{"id":3223,"href":"https:\/\/wir-entsorgen-sorgen.de\/tr\/wp-json\/wp\/v2\/posts\/1766\/revisions\/3223"}],"wp:featuredmedia":[{"embeddable":true,"href":"https:\/\/wir-entsorgen-sorgen.de\/tr\/wp-json\/wp\/v2\/media\/2160"}],"wp:attachment":[{"href":"https:\/\/wir-entsorgen-sorgen.de\/tr\/wp-json\/wp\/v2\/media?parent=1766"}],"wp:term":[{"taxonomy":"category","embeddable":true,"href":"https:\/\/wir-entsorgen-sorgen.de\/tr\/wp-json\/wp\/v2\/categories?post=1766"},{"taxonomy":"post_tag","embeddable":true,"href":"https:\/\/wir-entsorgen-sorgen.de\/tr\/wp-json\/wp\/v2\/tags?post=1766"}],"curies":[{"name":"wp","href":"https:\/\/api.w.org\/{rel}","templated":true}]}}