{"id":1768,"date":"2023-11-14T11:26:03","date_gmt":"2023-11-14T10:26:03","guid":{"rendered":"https:\/\/wir-entsorgen-sorgen.de\/?p=1768"},"modified":"2025-12-07T09:00:43","modified_gmt":"2025-12-07T08:00:43","slug":"abbruchkompetenz-in-frankfurt-am-main","status":"publish","type":"post","link":"https:\/\/wir-entsorgen-sorgen.de\/tr\/abbruch\/abbruchkompetenz-in-frankfurt-am-main\/","title":{"rendered":"Frankfurt am Main'da y\u0131k\u0131m uzmanl\u0131\u011f\u0131"},"content":{"rendered":"<p>\"Biz <a href=\"https:\/\/wir-entsorgen-sorgen.de\/tr\/category\/blog\/\">\u0130mha etmek<\/a> Frankfurt am Main'deki \"Sorgen\" profesyonel anlam\u0131na gelir <a href=\"https:\/\/www.sorglos-bauen.gmbh\/abbruch\/abbrucharbeiten-in-wiesbaden\/\">Y\u0131k\u0131m hizmetleri<\/a>. Derinlemesine uzmanl\u0131k ve en son teknolojilerin kullan\u0131m\u0131 ile karakterize edilen ekibimiz, y\u0131k\u0131m projelerinin kapsaml\u0131 planlamas\u0131 ve do\u011fru uygulanmas\u0131 ile bilinir.<\/p>\n<p><img loading=\"lazy\" decoding=\"async\" class=\"wp-image-3202 size-full aligncenter\" src=\"http:\/\/wir-entsorgen-sorgen.de\/wp-content\/uploads\/2023\/11\/Abb.-62.webp\" alt=\"\" width=\"1792\" height=\"1024\" srcset=\"https:\/\/wir-entsorgen-sorgen.de\/wp-content\/uploads\/2023\/11\/Abb.-62.webp 1792w, https:\/\/wir-entsorgen-sorgen.de\/wp-content\/uploads\/2023\/11\/Abb.-62-300x171.webp 300w, https:\/\/wir-entsorgen-sorgen.de\/wp-content\/uploads\/2023\/11\/Abb.-62-1030x589.webp 1030w, https:\/\/wir-entsorgen-sorgen.de\/wp-content\/uploads\/2023\/11\/Abb.-62-768x439.webp 768w, https:\/\/wir-entsorgen-sorgen.de\/wp-content\/uploads\/2023\/11\/Abb.-62-1536x878.webp 1536w, https:\/\/wir-entsorgen-sorgen.de\/wp-content\/uploads\/2023\/11\/Abb.-62-18x10.webp 18w, https:\/\/wir-entsorgen-sorgen.de\/wp-content\/uploads\/2023\/11\/Abb.-62-1500x857.webp 1500w, https:\/\/wir-entsorgen-sorgen.de\/wp-content\/uploads\/2023\/11\/Abb.-62-705x403.webp 705w\" sizes=\"auto, (max-width: 1792px) 100vw, 1792px\" \/><\/p>\n<h2>Frankfurt am Main'deki deneyimli y\u0131k\u0131m orta\u011f\u0131n\u0131z<\/h2>\n<p>Y\u0131k\u0131m \u015firketimiz, Frankfurt am Main'da y\u0131k\u0131m projelerinin uzman bir \u015fekilde ele al\u0131nmas\u0131yla m\u00fckemmel bir \u00fcn kazanm\u0131\u015ft\u0131r. Bina in\u015faat\u0131 ve in\u015faat m\u00fchendisli\u011finde yap\u0131sal y\u0131k\u0131m ve kapsaml\u0131 y\u0131k\u0131m i\u015fleri i\u00e7in g\u00fcvenilir orta\u011f\u0131n\u0131z olarak, detay odakl\u0131 ve kalite bilincine sahip bir yakla\u015f\u0131ma g\u00fcveniyoruz.<\/p>\n<h2>Hizmet portf\u00f6y\u00fcm\u00fcz: Sofistike s\u00f6k\u00fcm ve ekolojik bertaraf<\/h2>\n<p>Size a\u015fa\u011f\u0131daki hizmetleri sunuyoruz:<\/p>\n<ul>\n<li><strong>S\u00f6k\u00fcm<\/strong>: Metodik ve g\u00fcvenli <a href=\"https:\/\/www.youtube.com\/watch?v=-vNWxcpJ5Eg\">S\u00f6k\u00fcm<\/a> binalar\u0131n ve yap\u0131lar\u0131n.<\/li>\n<li><strong>Decoring<\/strong>Gelecekteki in\u015faat projeleri i\u00e7in bina dokusunu optimize etmek amac\u0131yla i\u00e7 donan\u0131mlar\u0131n ve y\u00fck ta\u015f\u0131mayan elemanlar\u0131n titizlikle kald\u0131r\u0131lmas\u0131.<\/li>\n<li><strong>At\u0131k bertaraf\u0131<\/strong>\u0130n\u015faat molozlar\u0131n\u0131n ve di\u011fer malzemelerin yasalara uygun ve \u00e7evre dostu bir \u015fekilde bertaraf edilmesi.<\/li>\n<li><strong>Bina in\u015faat\u0131<\/strong>: Bina in\u015faat\u0131 alan\u0131nda hassas bir \u015fekilde y\u00fcr\u00fct\u00fclen y\u0131k\u0131m \u00e7al\u0131\u015fmalar\u0131.<\/li>\n<li><strong>\u0130n\u015faat M\u00fchendisli\u011fi<\/strong>Kalifiye ekibimiz taraf\u0131ndan in\u015faat m\u00fchendisli\u011finde y\u0131k\u0131m i\u015flerinin profesyonelce y\u00fcr\u00fct\u00fclmesi.<\/li>\n<\/ul>\n<h2>Frankfurt am Main'daki \"Wir entsorgen Sorgen \"in g\u00fc\u00e7l\u00fc y\u00f6nleri<\/h2>\n<p>M\u00fc\u015fterilerimiz bizi tercih ediyor \u00e7\u00fcnk\u00fc:<\/p>\n<ul>\n<li><strong>G\u00fcvenilirlik<\/strong>Zaman \u00e7izelgesine s\u0131k\u0131 s\u0131k\u0131ya ba\u011fl\u0131l\u0131k ve <a href=\"https:\/\/www.bundesregierung.de\/breg-de\/aktuelles\/neubau-und-sanierung-foerdern-2038426\">verimli<\/a> Y\u0131k\u0131m projelerinin y\u00fcr\u00fct\u00fclmesi.<\/li>\n<li><strong>Uzmanl\u0131k<\/strong>Y\u0131k\u0131m\u0131n t\u00fcm alanlar\u0131nda kapsaml\u0131 deneyim ve derinlemesine teknik anlay\u0131\u015f.<\/li>\n<li><strong>Fiyat b\u00fct\u00fcnl\u00fc\u011f\u00fc<\/strong>Bir <a href=\"https:\/\/www.kfw.de\/inlandsfoerderung\/Privatpersonen\/Bestehende-Immobilie\/F%C3%B6rderprodukte\/Energieeffizient-Sanieren-Baubegleitung-(431)\/\">\u015feffaf<\/a> ve d\u00fcr\u00fcst <a href=\"https:\/\/www.foerder-welt.de\/content\/foerderwelt\/de\/wohnen\/wissen-stories\/baubegleitung_hausbau_und_sanierung.html\">Maliyet yap\u0131s\u0131<\/a> gizli ek \u00fccretler olmadan.<\/li>\n<\/ul>\n<p>Frankfurt am Main'de \"Wir entsorgen Sorgen\", kapsaml\u0131 uzmanl\u0131\u011f\u0131 ve m\u00fc\u015fteri odakl\u0131 hizmetiyle etkileyici bir y\u0131k\u0131m \u015firketini temsil etmektedir. Geni\u015f hizmet yelpazemiz hakk\u0131nda daha fazla bilgi edinmek i\u00e7in bizimle ileti\u015fime ge\u00e7in. Uzmanl\u0131\u011f\u0131m\u0131z ve taahh\u00fcd\u00fcm\u00fczle y\u0131k\u0131m projelerinizi ba\u015far\u0131ya ula\u015ft\u0131rmaya haz\u0131r\u0131z!<\/p>","protected":false},"excerpt":{"rendered":"<p>&#8222;Wir entsorgen Sorgen&#8220; steht in Frankfurt am Main f\u00fcr professionelle Abbruchdienstleistungen. Unser Team, das sich durch tiefe Fachkenntnisse und den Einsatz neuester Technologien auszeichnet, ist bekannt f\u00fcr seine umfassende Planung und die akkurate Realisierung von Abbruchprojekten. Ihr erfahrener Abbruchpartner in Frankfurt am Main Unser Abbruchunternehmen hat in Frankfurt am Main einen hervorragenden Ruf f\u00fcr die [&hellip;]<\/p>\n","protected":false},"author":4,"featured_media":2162,"comment_status":"closed","ping_status":"closed","sticky":false,"template":"","format":"standard","meta":{"footnotes":""},"categories":[8],"tags":[],"class_list":["post-1768","post","type-post","status-publish","format-standard","has-post-thumbnail","hentry","category-abbruch"],"_links":{"self":[{"href":"https:\/\/wir-entsorgen-sorgen.de\/tr\/wp-json\/wp\/v2\/posts\/1768","targetHints":{"allow":["GET"]}}],"collection":[{"href":"https:\/\/wir-entsorgen-sorgen.de\/tr\/wp-json\/wp\/v2\/posts"}],"about":[{"href":"https:\/\/wir-entsorgen-sorgen.de\/tr\/wp-json\/wp\/v2\/types\/post"}],"author":[{"embeddable":true,"href":"https:\/\/wir-entsorgen-sorgen.de\/tr\/wp-json\/wp\/v2\/users\/4"}],"replies":[{"embeddable":true,"href":"https:\/\/wir-entsorgen-sorgen.de\/tr\/wp-json\/wp\/v2\/comments?post=1768"}],"version-history":[{"count":3,"href":"https:\/\/wir-entsorgen-sorgen.de\/tr\/wp-json\/wp\/v2\/posts\/1768\/revisions"}],"predecessor-version":[{"id":3229,"href":"https:\/\/wir-entsorgen-sorgen.de\/tr\/wp-json\/wp\/v2\/posts\/1768\/revisions\/3229"}],"wp:featuredmedia":[{"embeddable":true,"href":"https:\/\/wir-entsorgen-sorgen.de\/tr\/wp-json\/wp\/v2\/media\/2162"}],"wp:attachment":[{"href":"https:\/\/wir-entsorgen-sorgen.de\/tr\/wp-json\/wp\/v2\/media?parent=1768"}],"wp:term":[{"taxonomy":"category","embeddable":true,"href":"https:\/\/wir-entsorgen-sorgen.de\/tr\/wp-json\/wp\/v2\/categories?post=1768"},{"taxonomy":"post_tag","embeddable":true,"href":"https:\/\/wir-entsorgen-sorgen.de\/tr\/wp-json\/wp\/v2\/tags?post=1768"}],"curies":[{"name":"wp","href":"https:\/\/api.w.org\/{rel}","templated":true}]}}