{"id":1773,"date":"2023-11-15T14:23:59","date_gmt":"2023-11-15T13:23:59","guid":{"rendered":"https:\/\/wir-entsorgen-sorgen.de\/?p=1773"},"modified":"2024-02-02T13:51:06","modified_gmt":"2024-02-02T12:51:06","slug":"abbruchexperten-in-ruesselsheim-am-main","status":"publish","type":"post","link":"https:\/\/wir-entsorgen-sorgen.de\/tr\/abbruch\/abbruchexperten-in-ruesselsheim-am-main\/","title":{"rendered":"R\u00fcsselsheim am M.'de y\u0131k\u0131m uzmanlar\u0131"},"content":{"rendered":"<p>\"Biz <a href=\"https:\/\/wir-entsorgen-sorgen.de\/tr\/category\/abbruch\/\">\u0130mha etmek<\/a> Sorgen\", R\u00fcsselsheim am Main'de profesyonel <a href=\"https:\/\/www.sorglos-bauen.gmbh\/category\/abbruch\/\">Y\u0131k\u0131m hizmetleri<\/a> d\u0131\u015far\u0131. Kapsaml\u0131 uzmanl\u0131k ve en son teknolojiyle donat\u0131lm\u0131\u015f ekibimiz, y\u0131k\u0131m projelerinin hassas planlamas\u0131 ve kusursuz y\u00fcr\u00fct\u00fclmesiyle \u00fcnl\u00fcd\u00fcr.<\/p>\n<p><img loading=\"lazy\" decoding=\"async\" class=\"alignnone wp-image-3198 size-full\" src=\"http:\/\/wir-entsorgen-sorgen.de\/wp-content\/uploads\/2023\/11\/Abb.-58.webp\" alt=\"\" width=\"1792\" height=\"1024\" srcset=\"https:\/\/wir-entsorgen-sorgen.de\/wp-content\/uploads\/2023\/11\/Abb.-58.webp 1792w, https:\/\/wir-entsorgen-sorgen.de\/wp-content\/uploads\/2023\/11\/Abb.-58-300x171.webp 300w, https:\/\/wir-entsorgen-sorgen.de\/wp-content\/uploads\/2023\/11\/Abb.-58-1030x589.webp 1030w, https:\/\/wir-entsorgen-sorgen.de\/wp-content\/uploads\/2023\/11\/Abb.-58-768x439.webp 768w, https:\/\/wir-entsorgen-sorgen.de\/wp-content\/uploads\/2023\/11\/Abb.-58-1536x878.webp 1536w, https:\/\/wir-entsorgen-sorgen.de\/wp-content\/uploads\/2023\/11\/Abb.-58-18x10.webp 18w, https:\/\/wir-entsorgen-sorgen.de\/wp-content\/uploads\/2023\/11\/Abb.-58-1500x857.webp 1500w, https:\/\/wir-entsorgen-sorgen.de\/wp-content\/uploads\/2023\/11\/Abb.-58-705x403.webp 705w\" sizes=\"auto, (max-width: 1792px) 100vw, 1792px\" \/><\/p>\n<h2>R\u00fcsselsheim am Main'deki y\u0131k\u0131m projeleri i\u00e7in orta\u011f\u0131n\u0131z<\/h2>\n<p>R\u00fcsselsheim am Main'de y\u0131k\u0131m servisimiz, y\u0131k\u0131m i\u015flerini uzman bir \u015fekilde ele almas\u0131yla tan\u0131n\u0131r. Bina in\u015faat\u0131 ve in\u015faat m\u00fchendisli\u011fi alan\u0131nda yap\u0131land\u0131r\u0131lm\u0131\u015f y\u0131k\u0131m ve do\u011fru y\u0131k\u0131m \u00e7al\u0131\u015fmalar\u0131 i\u00e7in g\u00fcvenilir orta\u011f\u0131n\u0131z olarak, detay odakl\u0131 ve kalite odakl\u0131 bir yakla\u015f\u0131ma g\u00fcveniyoruz.<\/p>\n<h2>Hizmet yelpazemiz: ihtiyatl\u0131 s\u00f6k\u00fcm ve ekolojik bertaraf<\/h2>\n<p>Size a\u015fa\u011f\u0131daki hizmet yelpazesini sunuyoruz:<\/p>\n<ul>\n<li><strong>S\u00f6k\u00fcm<\/strong>Binalar\u0131n ve yap\u0131lar\u0131n yap\u0131land\u0131r\u0131lm\u0131\u015f ve g\u00fcvenli bir \u015fekilde s\u00f6k\u00fclmesi.<\/li>\n<li><strong>Decoring<\/strong>Bina dokusunu gelecekteki in\u015faat projelerine haz\u0131rlamak i\u00e7in i\u00e7 donan\u0131mlar\u0131n ve y\u00fck ta\u015f\u0131mayan bile\u015fenlerin titizlikle kald\u0131r\u0131lmas\u0131.<\/li>\n<li><strong>At\u0131k bertaraf\u0131<\/strong>\u0130n\u015faat at\u0131klar\u0131n\u0131n ve di\u011fer malzeme art\u0131klar\u0131n\u0131n uyumlu ve \u00e7evre dostu bir \u015fekilde bertaraf edilmesi.<\/li>\n<li><strong>Bina in\u015faat\u0131<\/strong>: Bina in\u015faat\u0131nda y\u0131k\u0131m i\u015flerinin do\u011fru bir \u015fekilde y\u00fcr\u00fct\u00fclmesi.<\/li>\n<li><strong>\u0130n\u015faat M\u00fchendisli\u011fi<\/strong>\u0130n\u015faat m\u00fchendisli\u011finde y\u0131k\u0131m \u00f6nlemlerinin deneyimli ekibimiz taraf\u0131ndan profesyonelce ele al\u0131nmas\u0131.<\/li>\n<\/ul>\n<h2>R\u00fcsselsheim am Main'daki \"Wir entsorgen Sorgen \"in g\u00fc\u00e7l\u00fc y\u00f6nleri<\/h2>\n<p>M\u00fc\u015fterilerimiz bizi \u015fu nedenlerle tercih ediyor:<\/p>\n<ul>\n<li><strong>G\u00fcvenilirlik<\/strong>: Programlara titizlikle uyulmas\u0131 ve y\u0131k\u0131m projelerinin verimli bir \u015fekilde ele al\u0131nmas\u0131.<\/li>\n<li><strong>Uzmanl\u0131k<\/strong>: <a href=\"https:\/\/www.youtube.com\/watch?v=-vNWxcpJ5Eg\">Zengin<\/a> T\u00fcm alanlarda deneyim ve uzmanl\u0131k bilgisi <a href=\"https:\/\/www.bundesregierung.de\/breg-de\/aktuelles\/neubau-und-sanierung-foerdern-2038426\">Y\u0131k\u0131m alanlar\u0131<\/a>.<\/li>\n<li><strong>Fiyat adaleti<\/strong>: A\u00e7\u0131k ve anla\u015f\u0131l\u0131r bir <a href=\"https:\/\/www.kfw.de\/inlandsfoerderung\/Privatpersonen\/Bestehende-Immobilie\/F%C3%B6rderprodukte\/Energieeffizient-Sanieren-Baubegleitung-(431)\/?query=*%3A*&amp;page=1&amp;rows=10&amp;sortBy=relevance&amp;sortOrder=desc&amp;facet.filter.language=de&amp;dymFailover=true&amp;groups=1\">Maliyet yap\u0131s\u0131<\/a> gizli olmadan <a href=\"https:\/\/www.foerder-welt.de\/\">Ek \u00fccretler<\/a>.<\/li>\n<\/ul>\n<p>R\u00fcsselsheim am Main'de \"Wir entsorgen Sorgen\", kapsaml\u0131 uzmanl\u0131\u011f\u0131 ve m\u00fc\u015fteri odakl\u0131 hizmetiyle etkileyici bir y\u0131k\u0131m \u015firketi anlam\u0131na gelir. Geni\u015f hizmet yelpazemiz hakk\u0131nda daha fazla bilgi edinmek i\u00e7in bizimle ileti\u015fime ge\u00e7in. Uzmanl\u0131\u011f\u0131m\u0131z ve taahh\u00fcd\u00fcm\u00fczle y\u0131k\u0131m projelerinizi ba\u015far\u0131ya ula\u015ft\u0131rmaya haz\u0131r\u0131z!<\/p>","protected":false},"excerpt":{"rendered":"<p>&#8222;Wir entsorgen Sorgen&#8220; zeichnet sich in R\u00fcsselsheim am Main durch professionelle Abbruchdienste aus. Unser Team, bewaffnet mit umfassender Expertise und modernster Technik, ist bekannt f\u00fcr seine pr\u00e4zise Planung und die fehlerfreie Durchf\u00fchrung von Abbruchvorhaben. Ihr Partner f\u00fcr Abbruchprojekte in R\u00fcsselsheim am Main In R\u00fcsselsheim am Main ist unser Abbruchservice f\u00fcr die kompetente Handhabung von Abbruchauftr\u00e4gen [&hellip;]<\/p>\n","protected":false},"author":4,"featured_media":2158,"comment_status":"open","ping_status":"open","sticky":false,"template":"","format":"standard","meta":{"footnotes":""},"categories":[8],"tags":[],"class_list":["post-1773","post","type-post","status-publish","format-standard","has-post-thumbnail","hentry","category-abbruch"],"_links":{"self":[{"href":"https:\/\/wir-entsorgen-sorgen.de\/tr\/wp-json\/wp\/v2\/posts\/1773","targetHints":{"allow":["GET"]}}],"collection":[{"href":"https:\/\/wir-entsorgen-sorgen.de\/tr\/wp-json\/wp\/v2\/posts"}],"about":[{"href":"https:\/\/wir-entsorgen-sorgen.de\/tr\/wp-json\/wp\/v2\/types\/post"}],"author":[{"embeddable":true,"href":"https:\/\/wir-entsorgen-sorgen.de\/tr\/wp-json\/wp\/v2\/users\/4"}],"replies":[{"embeddable":true,"href":"https:\/\/wir-entsorgen-sorgen.de\/tr\/wp-json\/wp\/v2\/comments?post=1773"}],"version-history":[{"count":3,"href":"https:\/\/wir-entsorgen-sorgen.de\/tr\/wp-json\/wp\/v2\/posts\/1773\/revisions"}],"predecessor-version":[{"id":3220,"href":"https:\/\/wir-entsorgen-sorgen.de\/tr\/wp-json\/wp\/v2\/posts\/1773\/revisions\/3220"}],"wp:featuredmedia":[{"embeddable":true,"href":"https:\/\/wir-entsorgen-sorgen.de\/tr\/wp-json\/wp\/v2\/media\/2158"}],"wp:attachment":[{"href":"https:\/\/wir-entsorgen-sorgen.de\/tr\/wp-json\/wp\/v2\/media?parent=1773"}],"wp:term":[{"taxonomy":"category","embeddable":true,"href":"https:\/\/wir-entsorgen-sorgen.de\/tr\/wp-json\/wp\/v2\/categories?post=1773"},{"taxonomy":"post_tag","embeddable":true,"href":"https:\/\/wir-entsorgen-sorgen.de\/tr\/wp-json\/wp\/v2\/tags?post=1773"}],"curies":[{"name":"wp","href":"https:\/\/api.w.org\/{rel}","templated":true}]}}