{"id":1809,"date":"2023-11-13T11:40:01","date_gmt":"2023-11-13T10:40:01","guid":{"rendered":"https:\/\/wir-entsorgen-sorgen.de\/?p=1809"},"modified":"2024-02-02T11:54:29","modified_gmt":"2024-02-02T10:54:29","slug":"abbruchkompetenz-in-weiterstadt","status":"publish","type":"post","link":"https:\/\/wir-entsorgen-sorgen.de\/tr\/abbruch\/abbruchkompetenz-in-weiterstadt\/","title":{"rendered":"Weiterstadt'ta y\u0131k\u0131m uzmanl\u0131\u011f\u0131"},"content":{"rendered":"<p>\"Biz <a href=\"https:\/\/wir-entsorgen-sorgen.de\/tr\/category\/blog\/\">\u0130mha etmek<\/a> Weiterstadt'ta \"Sorgen\" y\u00fcksek kalite anlam\u0131na gelir <a href=\"https:\/\/www.sorglos-bauen.gmbh\/\">Y\u0131k\u0131m hizmetleri<\/a>. Ayr\u0131nt\u0131l\u0131 uzmanl\u0131k ve en son y\u0131k\u0131m teknolojisi ile donat\u0131lm\u0131\u015f ekibimiz, y\u0131k\u0131m projelerinin kapsaml\u0131 planlamas\u0131 ve kusursuz y\u00fcr\u00fct\u00fclmesi ile tan\u0131nmaktad\u0131r.<\/p>\n<h2>Weiterstadt'taki nitelikli y\u0131k\u0131m hizmeti sa\u011flay\u0131c\u0131n\u0131z<\/h2>\n<p>\u015eirketimiz, Weiterstadt'ta y\u0131k\u0131m g\u00f6revlerinin uzman bir \u015fekilde ger\u00e7ekle\u015ftirilmesi konusunda m\u00fckemmel bir itibar kazanm\u0131\u015ft\u0131r. Bina in\u015faat\u0131 ve in\u015faat m\u00fchendisli\u011finde yap\u0131sal y\u0131k\u0131m ve hassas y\u0131k\u0131m i\u015fleri i\u00e7in g\u00fcvenilir orta\u011f\u0131n\u0131z olarak, dikkatli ve kalite odakl\u0131 bir yakla\u015f\u0131ma b\u00fcy\u00fck \u00f6nem veriyoruz.<\/p>\n<p><img loading=\"lazy\" decoding=\"async\" class=\"alignnone wp-image-3087 size-full\" src=\"http:\/\/wir-entsorgen-sorgen.de\/wp-content\/uploads\/2023\/11\/Abb.-44.webp\" alt=\"\" width=\"1792\" height=\"1024\" srcset=\"https:\/\/wir-entsorgen-sorgen.de\/wp-content\/uploads\/2023\/11\/Abb.-44.webp 1792w, https:\/\/wir-entsorgen-sorgen.de\/wp-content\/uploads\/2023\/11\/Abb.-44-300x171.webp 300w, https:\/\/wir-entsorgen-sorgen.de\/wp-content\/uploads\/2023\/11\/Abb.-44-1030x589.webp 1030w, https:\/\/wir-entsorgen-sorgen.de\/wp-content\/uploads\/2023\/11\/Abb.-44-768x439.webp 768w, https:\/\/wir-entsorgen-sorgen.de\/wp-content\/uploads\/2023\/11\/Abb.-44-1536x878.webp 1536w, https:\/\/wir-entsorgen-sorgen.de\/wp-content\/uploads\/2023\/11\/Abb.-44-18x10.webp 18w, https:\/\/wir-entsorgen-sorgen.de\/wp-content\/uploads\/2023\/11\/Abb.-44-1500x857.webp 1500w, https:\/\/wir-entsorgen-sorgen.de\/wp-content\/uploads\/2023\/11\/Abb.-44-705x403.webp 705w\" sizes=\"auto, (max-width: 1792px) 100vw, 1792px\" \/><\/p>\n<h2>Geni\u015f hizmet yelpazemiz: dikkate al\u0131nan s\u00f6k\u00fcm ve s\u00fcrd\u00fcr\u00fclebilir bertaraf<\/h2>\n<p>Kapsaml\u0131 bir hizmet yelpazesi sunuyoruz:<\/p>\n<ul>\n<li><strong>S\u00f6k\u00fcm<\/strong>: Metodik olarak planlanm\u0131\u015f ve g\u00fcvenlik odakl\u0131 <a href=\"https:\/\/www.youtube.com\/watch?v=-vNWxcpJ5Eg&amp;ab_channel=Saarl%C3%A4ndischerRundfunk\">S\u00f6k\u00fcm<\/a> binalar\u0131n ve yap\u0131lar\u0131n, azami \u00f6zenle ve t\u00fcm g\u00fcvenlik d\u00fczenlemelerine uygun olarak ger\u00e7ekle\u015ftirilmesi.<\/li>\n<li><strong>Decoring<\/strong>Yeni in\u015faat projeleri i\u00e7in bina dokusunu optimize etmek amac\u0131yla i\u00e7 donan\u0131mlar\u0131n ve y\u00fck ta\u015f\u0131mayan bile\u015fenlerin dikkatli bir \u015fekilde kald\u0131r\u0131lmas\u0131.<\/li>\n<li><strong>At\u0131k bertaraf\u0131<\/strong>: \u015eunlara tam olarak uyulmas\u0131 <a href=\"https:\/\/www.homeday.de\/de\/blog\/sanierungspflicht-bei-eigentuemerwechsel\/\">yasal<\/a> \u0130n\u015faat at\u0131klar\u0131n\u0131n ve di\u011fer malzemelerin bertaraf\u0131 i\u00e7in ekolojik y\u00f6ntemleri destekleyen k\u0131lavuz ilkeler.<\/li>\n<li><strong>Bina in\u015faat\u0131<\/strong>: Bina in\u015faat\u0131nda y\u0131k\u0131m i\u015finin do\u011fru bir \u015fekilde y\u00fcr\u00fct\u00fclmesi, uzmanla\u015fm\u0131\u015f <a href=\"https:\/\/www.bundesregierung.de\/breg-de\/aktuelles\/neubau-und-sanierung-foerdern-2038426\">Uzmanl\u0131k<\/a> ve en b\u00fcy\u00fck hassasiyeti gerektirir.<\/li>\n<li><strong>\u0130n\u015faat M\u00fchendisli\u011fi<\/strong>\u0130n\u015faat m\u00fchendisli\u011fi alan\u0131ndaki y\u0131k\u0131m projelerinin profesyonel bir \u015fekilde y\u00fcr\u00fct\u00fclmesi, teknik uzmanl\u0131\u011fa ve sekt\u00f6r hakk\u0131nda derin bir anlay\u0131\u015fa sahip deneyimli ekibimiz taraf\u0131ndan ger\u00e7ekle\u015ftirilmektedir.<\/li>\n<\/ul>\n<h2>Weiterstadt'taki \"Wir entsorgen Sorgen \"in g\u00fc\u00e7l\u00fc y\u00f6nleri<\/h2>\n<p>M\u00fc\u015fterilerimiz bizi a\u015fa\u011f\u0131daki nedenlerden dolay\u0131 tercih etmektedir:<\/p>\n<ul>\n<li><strong>G\u00fcvenilirlik<\/strong>Son teslim tarihlerine zaman\u0131nda uyulmas\u0131n\u0131 ve y\u0131k\u0131m projelerinin h\u0131zl\u0131, etkili bir \u015fekilde tamamlanmas\u0131n\u0131 savunuyoruz.<\/li>\n<li><strong>Uzmanl\u0131k<\/strong>Uzun y\u0131llara dayanan deneyimimiz ve uzmanl\u0131\u011f\u0131m\u0131z y\u0131k\u0131m\u0131n t\u00fcm alanlar\u0131n\u0131 kapsamaktad\u0131r.<\/li>\n<li><strong>\u015eeffaf fiyatland\u0131rma<\/strong>: A\u00e7\u0131k ve anla\u015f\u0131l\u0131r bir <a href=\"https:\/\/www.kfw.de\/inlandsfoerderung\/Privatpersonen\/Bestehende-Immobilie\/F%C3%B6rderprodukte\/Energieeffizient-Sanieren-Baubegleitung-(431)\/\">Maliyet yap\u0131s\u0131<\/a>gizli olmayan <a href=\"https:\/\/www.foerder-welt.de\/content\/foerderwelt\/de\/wohnen\/wissen-stories\/baubegleitung_hausbau_und_sanierung.html\">\u00dccretler<\/a> \u00f6yle.<\/li>\n<\/ul>\n<p>Weiterstadt'ta \"Wir entsorgen Sorgen\", kapsaml\u0131 uzmanl\u0131\u011f\u0131 ve m\u00fc\u015fteri dostu hizmetiyle etkileyici bir y\u0131k\u0131m \u015firketini temsil etmektedir. Hizmetlerimizin kalitesi ve geni\u015f yelpazesi konusunda kendinizi ikna etmek i\u00e7in sizi bizimle ileti\u015fime ge\u00e7meye davet ediyoruz. Uzmanl\u0131\u011f\u0131m\u0131z ve taahh\u00fcd\u00fcm\u00fczle, y\u0131k\u0131m projelerinizi en \u00fcst d\u00fczeyde memnuniyetle ba\u015far\u0131yla tamamlamaya haz\u0131r\u0131z.<\/p>","protected":false},"excerpt":{"rendered":"<p>&#8222;Wir entsorgen Sorgen&#8220; steht in Weiterstadt f\u00fcr hochwertige Abbruchleistungen. Unser Team, ausgestattet mit detailliertem Fachwissen und modernster Abbruchtechnologie, ist f\u00fcr seine gr\u00fcndliche Planung und die tadellose Ausf\u00fchrung von Abbruchprojekten gesch\u00e4tzt. Ihr qualifizierter Abbruchdienstleister in Weiterstadt Unser Betrieb hat sich in Weiterstadt einen exzellenten Ruf f\u00fcr die sachkundige Umsetzung von Abbruchaufgaben erarbeitet. Als Ihr verl\u00e4sslicher Ansprechpartner [&hellip;]<\/p>\n","protected":false},"author":4,"featured_media":2198,"comment_status":"open","ping_status":"open","sticky":false,"template":"","format":"standard","meta":{"footnotes":""},"categories":[8],"tags":[],"class_list":["post-1809","post","type-post","status-publish","format-standard","has-post-thumbnail","hentry","category-abbruch"],"_links":{"self":[{"href":"https:\/\/wir-entsorgen-sorgen.de\/tr\/wp-json\/wp\/v2\/posts\/1809","targetHints":{"allow":["GET"]}}],"collection":[{"href":"https:\/\/wir-entsorgen-sorgen.de\/tr\/wp-json\/wp\/v2\/posts"}],"about":[{"href":"https:\/\/wir-entsorgen-sorgen.de\/tr\/wp-json\/wp\/v2\/types\/post"}],"author":[{"embeddable":true,"href":"https:\/\/wir-entsorgen-sorgen.de\/tr\/wp-json\/wp\/v2\/users\/4"}],"replies":[{"embeddable":true,"href":"https:\/\/wir-entsorgen-sorgen.de\/tr\/wp-json\/wp\/v2\/comments?post=1809"}],"version-history":[{"count":3,"href":"https:\/\/wir-entsorgen-sorgen.de\/tr\/wp-json\/wp\/v2\/posts\/1809\/revisions"}],"predecessor-version":[{"id":3137,"href":"https:\/\/wir-entsorgen-sorgen.de\/tr\/wp-json\/wp\/v2\/posts\/1809\/revisions\/3137"}],"wp:featuredmedia":[{"embeddable":true,"href":"https:\/\/wir-entsorgen-sorgen.de\/tr\/wp-json\/wp\/v2\/media\/2198"}],"wp:attachment":[{"href":"https:\/\/wir-entsorgen-sorgen.de\/tr\/wp-json\/wp\/v2\/media?parent=1809"}],"wp:term":[{"taxonomy":"category","embeddable":true,"href":"https:\/\/wir-entsorgen-sorgen.de\/tr\/wp-json\/wp\/v2\/categories?post=1809"},{"taxonomy":"post_tag","embeddable":true,"href":"https:\/\/wir-entsorgen-sorgen.de\/tr\/wp-json\/wp\/v2\/tags?post=1809"}],"curies":[{"name":"wp","href":"https:\/\/api.w.org\/{rel}","templated":true}]}}