{"id":1811,"date":"2023-11-13T11:38:39","date_gmt":"2023-11-13T10:38:39","guid":{"rendered":"https:\/\/wir-entsorgen-sorgen.de\/?p=1811"},"modified":"2024-02-02T11:53:13","modified_gmt":"2024-02-02T10:53:13","slug":"abbruchexpertise-in-muehltal","status":"publish","type":"post","link":"https:\/\/wir-entsorgen-sorgen.de\/tr\/abbruch\/abbruchexpertise-in-muehltal\/","title":{"rendered":"M\u00fchltal'de y\u0131k\u0131m uzmanl\u0131\u011f\u0131"},"content":{"rendered":"<p>\"Biz <a href=\"https:\/\/wir-entsorgen-sorgen.de\/tr\/category\/blog\/\">\u0130mha etmek<\/a> Sorgen\" M\u00fchltal'de birinci s\u0131n\u0131f y\u0131k\u0131m hizmetlerinin \u00f6z\u00fcd\u00fcr. Y\u0131k\u0131m s\u00fcre\u00e7leri ve en son teknoloji hakk\u0131nda derin bir anlay\u0131\u015fa sahip olan ekibimiz, y\u0131k\u0131m projelerinin \u00f6zenli planlanmas\u0131 ve kusursuz bir \u015fekilde y\u00fcr\u00fct\u00fclmesiyle tan\u0131nmaktad\u0131r.<\/p>\n<h2>M\u00fchltal'deki g\u00fcvenilir y\u0131k\u0131m uzman\u0131n\u0131z<\/h2>\n<p>\u015eirketimiz, M\u00fchltal'de y\u0131k\u0131m projelerinin profesyonel bir \u015fekilde ger\u00e7ekle\u015ftirilmesiyle ad\u0131n\u0131 duyurmu\u015ftur. Sistematik y\u0131k\u0131m i\u00e7in g\u00fcvenilir orta\u011f\u0131n\u0131z olarak <a href=\"https:\/\/www.badfix.gmbh\/badsanierung\/badsanierung-mainz-ihre-erste-wahl-fuer-eine-badsanierungsfirma\/\">S\u00f6k\u00fcm<\/a> ve bina in\u015faat\u0131 ve in\u015faat m\u00fchendisli\u011finde hassas y\u0131k\u0131m i\u015fleri i\u00e7in, hassas ve kalite bilincine sahip bir \u00e7al\u0131\u015fma tarz\u0131na ba\u011fl\u0131y\u0131z.<\/p>\n<p><img loading=\"lazy\" decoding=\"async\" class=\"alignnone wp-image-3004 size-full\" src=\"http:\/\/wir-entsorgen-sorgen.de\/wp-content\/uploads\/2023\/11\/Abb.-16.png\" alt=\"\" width=\"1024\" height=\"1024\" srcset=\"https:\/\/wir-entsorgen-sorgen.de\/wp-content\/uploads\/2023\/11\/Abb.-16.png 1024w, https:\/\/wir-entsorgen-sorgen.de\/wp-content\/uploads\/2023\/11\/Abb.-16-300x300.png 300w, https:\/\/wir-entsorgen-sorgen.de\/wp-content\/uploads\/2023\/11\/Abb.-16-80x80.png 80w, https:\/\/wir-entsorgen-sorgen.de\/wp-content\/uploads\/2023\/11\/Abb.-16-768x768.png 768w, https:\/\/wir-entsorgen-sorgen.de\/wp-content\/uploads\/2023\/11\/Abb.-16-12x12.png 12w, https:\/\/wir-entsorgen-sorgen.de\/wp-content\/uploads\/2023\/11\/Abb.-16-36x36.png 36w, https:\/\/wir-entsorgen-sorgen.de\/wp-content\/uploads\/2023\/11\/Abb.-16-180x180.png 180w, https:\/\/wir-entsorgen-sorgen.de\/wp-content\/uploads\/2023\/11\/Abb.-16-705x705.png 705w\" sizes=\"auto, (max-width: 1024px) 100vw, 1024px\" \/><\/p>\n<h2>\u00c7ok y\u00f6nl\u00fc hizmet yelpazemiz: iyi d\u00fc\u015f\u00fcn\u00fclm\u00fc\u015f s\u00f6k\u00fcm ve sorumlu bertaraf<\/h2>\n<p>Hizmetlerimiz \u015funlar\u0131 i\u00e7erir:<\/p>\n<ul>\n<li><strong>S\u00f6k\u00fcm<\/strong>: Stratejik olarak uygulanan ve g\u00fcvenlik odakl\u0131 <a href=\"https:\/\/www.youtube.com\/watch?v=-vNWxcpJ5Eg&amp;ab_channel=Saarl%C3%A4ndischerRundfunk\">S\u00f6k\u00fcm<\/a> binalar\u0131n ve yap\u0131lar\u0131n en y\u00fcksek hassasiyetle ve t\u00fcm g\u00fcvenlik gerekliliklerine uygun olarak ger\u00e7ekle\u015ftirilmesi.<\/li>\n<li><strong>Decoring<\/strong>Bina dokusunu gelecekteki in\u015faat projelerine haz\u0131rlamak i\u00e7in i\u00e7 donan\u0131mlar\u0131n ve y\u00fck ta\u015f\u0131mayan yap\u0131lar\u0131n dikkatli bir \u015fekilde kald\u0131r\u0131lmas\u0131.<\/li>\n<li><strong>At\u0131k bertaraf\u0131<\/strong>: Kat\u0131 <a href=\"https:\/\/www.homeday.de\/de\/blog\/sanierungspflicht-bei-eigentuemerwechsel\/\">Uyumluluk<\/a> S\u00fcrd\u00fcr\u00fclebilir y\u00f6ntemler kullanarak in\u015faat at\u0131klar\u0131n\u0131n ve di\u011fer at\u0131k malzemelerin bertaraf\u0131 i\u00e7in \u00e7evresel d\u00fczenlemelerin uygulanmas\u0131.<\/li>\n<li><strong>Bina in\u015faat\u0131<\/strong>Bina in\u015faat\u0131nda y\u0131k\u0131m i\u015finin dikkatli bir \u015fekilde y\u00fcr\u00fct\u00fclmesi, uzmanl\u0131k bilgisi ve azami dikkat gerektirir.<\/li>\n<li><strong>\u0130n\u015faat M\u00fchendisli\u011fi<\/strong>Teknik uzmanl\u0131k ve sekt\u00f6r bilgisini birle\u015ftiren nitelikli ekibimiz taraf\u0131ndan uygulanan in\u015faat m\u00fchendisli\u011finde y\u0131k\u0131m \u00f6nlemlerinin profesyonel uygulamas\u0131.<\/li>\n<\/ul>\n<h2>M\u00fchltal'deki \"Wir entsorgen Sorgen \"in avantajlar\u0131<\/h2>\n<p>M\u00fc\u015fterilerimiz bizi a\u015fa\u011f\u0131daki nedenlerden dolay\u0131 tercih ediyor:<\/p>\n<ul>\n<li><strong>g\u00fcvenilirlik<\/strong>Programlara s\u0131k\u0131 s\u0131k\u0131ya ba\u011fl\u0131 kalmam\u0131z ve y\u0131k\u0131m projelerini verimli ve h\u0131zl\u0131 bir \u015fekilde ger\u00e7ekle\u015ftirmemizle tan\u0131n\u0131yoruz.<\/li>\n<li><strong>Uzmanl\u0131k<\/strong>Kapsaml\u0131 deneyimimiz ve uzmanl\u0131k bilgimiz, y\u0131k\u0131m sekt\u00f6r\u00fcn\u00fcn t\u00fcm yelpazesini kapsamaktad\u0131r.<\/li>\n<li><strong>Net maliyet yap\u0131s\u0131<\/strong>: Biz bir <a href=\"https:\/\/www.bundesregierung.de\/breg-de\/aktuelles\/neubau-und-sanierung-foerdern-2038426\">\u015feffaf<\/a> ve anla\u015f\u0131labilir <a href=\"https:\/\/www.kfw.de\/inlandsfoerderung\/Privatpersonen\/Bestehende-Immobilie\/F%C3%B6rderprodukte\/Energieeffizient-Sanieren-Baubegleitung-(431)\/\">Fiyatland\u0131rma<\/a>gizli olmadan <a href=\"https:\/\/www.foerder-welt.de\/content\/foerderwelt\/de\/wohnen\/wissen-stories\/baubegleitung_hausbau_und_sanierung.html\">Ek maliyetler<\/a>.<\/li>\n<\/ul>\n<p>M\u00fchltal'de \"Wir entsorgen Sorgen\", kapsaml\u0131 uzmanl\u0131\u011f\u0131 ve m\u00fc\u015fteri odakl\u0131 yakla\u015f\u0131m\u0131 ile etkileyici bir y\u0131k\u0131m \u015firketi anlam\u0131na gelir. Hizmetlerimizin y\u00fcksek kalitesini ve kapsaml\u0131 yelpazesini kendiniz g\u00f6rmek i\u00e7in sizi bizimle ileti\u015fime ge\u00e7meye davet ediyoruz. Profesyonel uzmanl\u0131\u011f\u0131m\u0131z ve ba\u011fl\u0131l\u0131\u011f\u0131m\u0131zla, y\u0131k\u0131m projelerinizi ba\u015far\u0131yla ve tam memnuniyetinizle tamamlamaya haz\u0131r\u0131z.<\/p>","protected":false},"excerpt":{"rendered":"<p>&#8222;Wir entsorgen Sorgen&#8220; ist in M\u00fchltal der Inbegriff f\u00fcr erstklassige Abbruchdienste. Unser Team, ausgestattet mit tiefgreifendem Verst\u00e4ndnis f\u00fcr Abbruchprozesse und modernster Technologie, wird f\u00fcr seine durchdachte Planung und makellose Ausf\u00fchrung von Abbruchvorhaben gesch\u00e4tzt. Ihr zuverl\u00e4ssiger Abbruchspezialist in M\u00fchltal Unser Unternehmen hat sich in M\u00fchltal einen Namen f\u00fcr die fachm\u00e4nnische Realisierung von Abbruchprojekten gemacht. Als Ihr [&hellip;]<\/p>\n","protected":false},"author":4,"featured_media":2197,"comment_status":"open","ping_status":"open","sticky":false,"template":"","format":"standard","meta":{"footnotes":""},"categories":[8],"tags":[],"class_list":["post-1811","post","type-post","status-publish","format-standard","has-post-thumbnail","hentry","category-abbruch"],"_links":{"self":[{"href":"https:\/\/wir-entsorgen-sorgen.de\/tr\/wp-json\/wp\/v2\/posts\/1811","targetHints":{"allow":["GET"]}}],"collection":[{"href":"https:\/\/wir-entsorgen-sorgen.de\/tr\/wp-json\/wp\/v2\/posts"}],"about":[{"href":"https:\/\/wir-entsorgen-sorgen.de\/tr\/wp-json\/wp\/v2\/types\/post"}],"author":[{"embeddable":true,"href":"https:\/\/wir-entsorgen-sorgen.de\/tr\/wp-json\/wp\/v2\/users\/4"}],"replies":[{"embeddable":true,"href":"https:\/\/wir-entsorgen-sorgen.de\/tr\/wp-json\/wp\/v2\/comments?post=1811"}],"version-history":[{"count":3,"href":"https:\/\/wir-entsorgen-sorgen.de\/tr\/wp-json\/wp\/v2\/posts\/1811\/revisions"}],"predecessor-version":[{"id":3135,"href":"https:\/\/wir-entsorgen-sorgen.de\/tr\/wp-json\/wp\/v2\/posts\/1811\/revisions\/3135"}],"wp:featuredmedia":[{"embeddable":true,"href":"https:\/\/wir-entsorgen-sorgen.de\/tr\/wp-json\/wp\/v2\/media\/2197"}],"wp:attachment":[{"href":"https:\/\/wir-entsorgen-sorgen.de\/tr\/wp-json\/wp\/v2\/media?parent=1811"}],"wp:term":[{"taxonomy":"category","embeddable":true,"href":"https:\/\/wir-entsorgen-sorgen.de\/tr\/wp-json\/wp\/v2\/categories?post=1811"},{"taxonomy":"post_tag","embeddable":true,"href":"https:\/\/wir-entsorgen-sorgen.de\/tr\/wp-json\/wp\/v2\/tags?post=1811"}],"curies":[{"name":"wp","href":"https:\/\/api.w.org\/{rel}","templated":true}]}}