{"id":2458,"date":"2023-12-19T10:59:08","date_gmt":"2023-12-19T09:59:08","guid":{"rendered":"https:\/\/wir-entsorgen-sorgen.de\/?p=2458"},"modified":"2024-11-02T20:08:37","modified_gmt":"2024-11-02T19:08:37","slug":"in-ingelheim-am-rhein-und-umgebung","status":"publish","type":"post","link":"https:\/\/wir-entsorgen-sorgen.de\/tr\/entkernung-und-demontage\/in-ingelheim-am-rhein-und-umgebung\/","title":{"rendered":"Ingelheim am Rhein'da y\u0131k\u0131m ve s\u00f6k\u00fcm projeleri"},"content":{"rendered":"<p>G\u00fcn\u00fcm\u00fcz in\u015faat sekt\u00f6r\u00fcnde, binalar\u0131n profesyonelce bo\u015falt\u0131lmas\u0131 ve do\u011fru bir \u015fekilde s\u00f6k\u00fclmesi, \u00f6zel uzmanl\u0131k, hassas uygulama ve uzun y\u0131llara dayanan deneyim gerektiren \u00f6nemli ad\u0131mlard\u0131r. \u015eirket merkezimiz Gensingen'de bulunan \"Wir Entsorgen Sorgen\" bu g\u00f6revlerin zorluklar\u0131n\u0131n fark\u0131ndad\u0131r. Amac\u0131m\u0131z, size en y\u00fcksek g\u00fcvenlik standartlar\u0131, verimlilik ve ekolojik fark\u0131ndal\u0131k ile karakterize edilen bir hizmet sunmakt\u0131r.<\/p>\n<h3>Bizim <a href=\"https:\/\/www.kfw.de\/inlandsfoerderung\/Privatpersonen\/Bestehende-Immobilie\/F%C3%B6rderprodukte\/Energieeffizient-Sanieren-Baubegleitung-(431)\/\">Hizmet teklifleri<\/a><\/h3>\n<p><strong>1. titiz <a href=\"https:\/\/wir-entsorgen-sorgen.de\/tr\/blog\/der-schluessel-zu-einem-erfolgreichen-bauvorhaben\/\">Decoring<\/a>:<\/strong> Uzmanl\u0131k alan\u0131m\u0131z, temel yap\u0131y\u0131 sa\u011flam b\u0131rakarak bir binan\u0131n y\u00fck ta\u015f\u0131mayan bile\u015fenlerinin hassas bir \u015fekilde kald\u0131r\u0131lmas\u0131d\u0131r. Bu, i\u00e7 duvarlar\u0131n, zemin kaplamalar\u0131n\u0131n, tavanlar\u0131n ve di\u011fer demirba\u015f ve donan\u0131mlar\u0131n dikkatli bir \u015fekilde s\u00f6k\u00fclmesini i\u00e7erir.<\/p>\n<p><strong>2. kapsaml\u0131 s\u00f6k\u00fcm:<\/strong> \u0130ster y\u0131k\u0131ma haz\u0131rl\u0131k ister kapsaml\u0131 yenileme projeleri i\u00e7in olsun, binalar\u0131n sistematik olarak s\u00f6k\u00fclmesi konusunda uzman\u0131z. Ekibimiz, g\u00fcvenli ve verimli bir s\u00f6k\u00fcm sa\u011flamak i\u00e7in son teknoloji teknikler ve ara\u00e7lar kullanmaktad\u0131r.<\/p>\n<h3>Neden \"Endi\u015feleri bertaraf ediyoruz\"?<\/h3>\n<p><strong>G\u00fcvenlik en \u00f6nemli \u00f6nceliktir:<\/strong> \u00c7al\u0131\u015fanlar\u0131m\u0131z\u0131n ve yerel toplumun g\u00fcvenli\u011fi en \u00f6nemli \u00f6nceli\u011fimizdir. Uzmanlar\u0131m\u0131z riskleri tan\u0131mak ve en aza indirmek \u00fczere e\u011fitilmi\u015ftir.<\/p>\n<p><strong>Uzmanl\u0131k yoluyla verimlilik:<\/strong> Uzun y\u0131llara dayanan deneyimimiz, kaliteden veya do\u011fruluktan \u00f6d\u00fcn vermeden projelerinizi h\u0131zl\u0131 ve verimli bir \u015fekilde ger\u00e7ekle\u015ftirmemizi sa\u011flar.<\/p>\n<p><strong>\u00c7evreye duyarl\u0131 davran\u0131\u015f:<\/strong> \u00c7evre dostu s\u00fcre\u00e7lere b\u00fcy\u00fck \u00f6nem veriyoruz. \u0130\u00e7 bo\u015faltma ve s\u00f6k\u00fcm \u00e7al\u0131\u015fmalar\u0131m\u0131zda, \u00e7evresel etkiyi azaltmak i\u00e7in malzemelerin uygun \u015fekilde ayr\u0131lmas\u0131n\u0131 ve geri d\u00f6n\u00fc\u015ft\u00fcr\u00fclmesini sa\u011fl\u0131yoruz.<\/p>\n<p><strong>M\u00fc\u015fteri odakl\u0131l\u0131k:<\/strong> Sizin memnuniyetiniz bizim hedefimizdir. \u00d6zel gereksinimlerinizin kar\u015f\u0131lanmas\u0131n\u0131 ve nihai sonucun beklentilerinizi kar\u015f\u0131lamas\u0131n\u0131 sa\u011flamak i\u00e7in sizinle yak\u0131n i\u015fbirli\u011fi i\u00e7inde \u00e7al\u0131\u015f\u0131yoruz.<\/p>\n<h3>Bize ula\u015f\u0131n<\/h3>\n<p>Ingelheim am Rhein'da veya \u00e7evresinde bir i\u00e7 bo\u015faltma ve s\u00f6k\u00fcm uzman\u0131 m\u0131 ar\u0131yorsunuz? Hizmetlerimiz hakk\u0131nda daha fazla bilgi edinmek veya size \u00f6zel bir fiyat teklifi almak i\u00e7in bug\u00fcn bize ula\u015f\u0131n. Gensingen'deki ekibimiz projelerinizi profesyonel ve g\u00fcvenilir bir \u015fekilde ger\u00e7ekle\u015ftirmeye haz\u0131r.<\/p>\n<p><strong>\"Wir Entsorgen Sorgen\" - Ingelheim am Rhein'da profesyonel ve sorunsuz in\u015faat projeleri i\u00e7in orta\u011f\u0131n\u0131z!<\/strong><\/p>","protected":false},"excerpt":{"rendered":"<p>In der heutigen Bauindustrie sind die fachgerechte Entkernung und der akkurate R\u00fcckbau von Geb\u00e4uden wesentliche Schritte, das spezielle Fachwissen, pr\u00e4zise Ausf\u00fchrung und langj\u00e4hrige Erfahrung voraussetzen. \u201eWir Entsorgen Sorgen\u201c, mit unserem Firmensitz in Gensingen, kennt die vielf\u00e4ltigen Herausforderungen dieser Aufgaben. Unser Anspruch ist es, Ihnen einen Service zu bieten, der sich durch h\u00f6chste Sicherheitsstandards, Effizienz und [&hellip;]<\/p>\n","protected":false},"author":4,"featured_media":2327,"comment_status":"open","ping_status":"open","sticky":false,"template":"","format":"standard","meta":{"footnotes":""},"categories":[11],"tags":[],"class_list":["post-2458","post","type-post","status-publish","format-standard","has-post-thumbnail","hentry","category-entkernung-und-demontage"],"_links":{"self":[{"href":"https:\/\/wir-entsorgen-sorgen.de\/tr\/wp-json\/wp\/v2\/posts\/2458","targetHints":{"allow":["GET"]}}],"collection":[{"href":"https:\/\/wir-entsorgen-sorgen.de\/tr\/wp-json\/wp\/v2\/posts"}],"about":[{"href":"https:\/\/wir-entsorgen-sorgen.de\/tr\/wp-json\/wp\/v2\/types\/post"}],"author":[{"embeddable":true,"href":"https:\/\/wir-entsorgen-sorgen.de\/tr\/wp-json\/wp\/v2\/users\/4"}],"replies":[{"embeddable":true,"href":"https:\/\/wir-entsorgen-sorgen.de\/tr\/wp-json\/wp\/v2\/comments?post=2458"}],"version-history":[{"count":5,"href":"https:\/\/wir-entsorgen-sorgen.de\/tr\/wp-json\/wp\/v2\/posts\/2458\/revisions"}],"predecessor-version":[{"id":3405,"href":"https:\/\/wir-entsorgen-sorgen.de\/tr\/wp-json\/wp\/v2\/posts\/2458\/revisions\/3405"}],"wp:featuredmedia":[{"embeddable":true,"href":"https:\/\/wir-entsorgen-sorgen.de\/tr\/wp-json\/wp\/v2\/media\/2327"}],"wp:attachment":[{"href":"https:\/\/wir-entsorgen-sorgen.de\/tr\/wp-json\/wp\/v2\/media?parent=2458"}],"wp:term":[{"taxonomy":"category","embeddable":true,"href":"https:\/\/wir-entsorgen-sorgen.de\/tr\/wp-json\/wp\/v2\/categories?post=2458"},{"taxonomy":"post_tag","embeddable":true,"href":"https:\/\/wir-entsorgen-sorgen.de\/tr\/wp-json\/wp\/v2\/tags?post=2458"}],"curies":[{"name":"wp","href":"https:\/\/api.w.org\/{rel}","templated":true}]}}