{"id":2487,"date":"2023-11-28T12:01:29","date_gmt":"2023-11-28T11:01:29","guid":{"rendered":"https:\/\/wir-entsorgen-sorgen.de\/?p=2487"},"modified":"2023-12-01T11:07:30","modified_gmt":"2023-12-01T10:07:30","slug":"in-lahnstein-und-umgebung","status":"publish","type":"post","link":"https:\/\/wir-entsorgen-sorgen.de\/tr\/entkernung-und-demontage\/in-lahnstein-und-umgebung\/","title":{"rendered":"Lahnstein'da y\u0131k\u0131m ve s\u00f6k\u00fcm \u00e7al\u0131\u015fmalar\u0131"},"content":{"rendered":"<p><span>G\u00fcn\u00fcm\u00fcz in\u015faat sekt\u00f6r\u00fcnde, binalar\u0131n uzmanca bo\u015falt\u0131lmas\u0131 ve hassas bir \u015fekilde s\u00f6k\u00fclmesi, uzmanl\u0131k bilgisi, hassas uygulama ve uzun y\u0131llara dayanan deneyim gerektiren temel hizmetlerdir. Merkezi Gensingen'de bulunan \"Wir Entsorgen Sorgen\" bu s\u00fcre\u00e7lerin karma\u015f\u0131k gerekliliklerinin fark\u0131ndad\u0131r. Amac\u0131m\u0131z size en y\u00fcksek g\u00fcvenlik standartlar\u0131, verimlilik ve ekolojik sorumluluk ile karakterize edilen bir hizmet sunmakt\u0131r.<\/span><\/p>\n<h3><span>Hizmet yelpazemiz<\/span><\/h3>\n<p><strong><span>1. Profesyonel i\u00e7 bo\u015faltma:<\/span><\/strong><span> Uzmanl\u0131k alan\u0131m\u0131z, bir binan\u0131n y\u00fck ta\u015f\u0131mayan bile\u015fenlerinin yap\u0131ya dokunulmadan hassas bir \u015fekilde kald\u0131r\u0131lmas\u0131d\u0131r. Bu, i\u00e7 duvarlar\u0131n, zemin kaplamalar\u0131n\u0131n, tavanlar\u0131n ve di\u011fer demirba\u015flar\u0131n dikkatli bir \u015fekilde s\u00f6k\u00fclmesini i\u00e7erir.<\/span><\/p>\n<p><strong><span>2. profesyonel s\u00f6k\u00fcm:<\/span><\/strong><span> \u0130ster y\u0131k\u0131ma haz\u0131rl\u0131k ister kapsaml\u0131 yenileme \u00e7al\u0131\u015fmalar\u0131 i\u00e7in olsun, binalar\u0131n yap\u0131sal s\u00f6k\u00fcm\u00fc konusunda uzman\u0131z. Ekibimiz, g\u00fcvenli ve verimli s\u00f6k\u00fcm sa\u011flamak i\u00e7in en son teknoloji ve ara\u00e7lar\u0131 kullanmaktad\u0131r.<\/span><\/p>\n<h3><span>Neden \"Endi\u015feleri bertaraf ediyoruz\"?<\/span><\/h3>\n<p><strong><span>G\u00fcvenlik en \u00f6nemli \u00f6nceliktir:<\/span><\/strong><span> \u00c7al\u0131\u015fanlar\u0131m\u0131z\u0131n ve sakinlerimizin g\u00fcvenli\u011fi en \u00f6nemli \u00f6nceli\u011fimizdir. Profesyonellerimiz riskleri belirleme ve en aza indirme konusunda uzmanla\u015fm\u0131\u015ft\u0131r.<\/span><\/p>\n<p><strong><span>Deneyim yoluyla verimlilik:<\/span><\/strong><span> Sekt\u00f6rdeki uzun y\u0131llara dayanan deneyimimiz, kaliteden veya do\u011fruluktan \u00f6d\u00fcn vermeden projelerinizi h\u0131zl\u0131 ve verimli bir \u015fekilde ger\u00e7ekle\u015ftirmemizi sa\u011flar.<\/span><\/p>\n<p><strong><span>\u00c7evreye duyarl\u0131 yakla\u015f\u0131m:<\/span><\/strong><span> S\u00fcrd\u00fcr\u00fclebilir y\u00f6ntemlere g\u00fcveniyoruz. \u0130\u00e7 bo\u015faltma ve s\u00f6k\u00fcm \u00e7al\u0131\u015fmalar\u0131m\u0131z s\u0131ras\u0131nda, \u00e7evresel etkiyi en aza indirmek i\u00e7in malzemelerin uygun \u015fekilde ayr\u0131lmas\u0131n\u0131 ve geri d\u00f6n\u00fc\u015ft\u00fcr\u00fclmesini sa\u011fl\u0131yoruz.<\/span><\/p>\n<p><strong><span>M\u00fc\u015fteri odakl\u0131l\u0131k:<\/span><\/strong><span> Sizin memnuniyetiniz bizim hedefimizdir. \u00d6zel gereksinimlerinizin kar\u015f\u0131lanmas\u0131n\u0131 ve nihai sonucun beklentilerinizi kar\u015f\u0131lamas\u0131n\u0131 sa\u011flamak i\u00e7in sizinle yak\u0131n i\u015fbirli\u011fi i\u00e7inde \u00e7al\u0131\u015f\u0131yoruz.<\/span><\/p>\n<h3><span>Bize ula\u015f\u0131n<\/span><\/h3>\n<p><span>Lahnstein'da veya civar b\u00f6lgelerde i\u00e7 bo\u015faltma ve s\u00f6k\u00fcm konusunda bir uzman m\u0131 ar\u0131yorsunuz? Hizmetlerimiz hakk\u0131nda daha fazla bilgi edinmek veya size \u00f6zel bir fiyat teklifi almak i\u00e7in bug\u00fcn bize ula\u015f\u0131n. Gensingen'deki ekibimiz projelerinizi profesyonel ve g\u00fcvenilir bir \u015fekilde ger\u00e7ekle\u015ftirmeye haz\u0131r.<\/span><\/p>\n<p><strong><span>\"Wir Entsorgen Sorgen\" - Lahnstein'da profesyonel ve sorunsuz in\u015faat projeleri i\u00e7in orta\u011f\u0131n\u0131z!<\/span><\/strong><\/p>","protected":false},"excerpt":{"rendered":"<p>In der heutigen Bauwirtschaft sind die fachkundige Entkernung und der pr\u00e4zise R\u00fcckbau von Geb\u00e4uden wesentliche Dienstleistungen, die spezialisiertes Wissen, genaue Ausf\u00fchrung und langj\u00e4hrige Erfahrung erfordern. \u201eWir Entsorgen Sorgen\u201c, mit unserem Firmensitz in Gensingen, versteht die komplexen Anforderungen dieser Prozesse. Unser Ziel ist es, Ihnen einen Service zu bieten, der sich durch h\u00f6chste Sicherheitsstandards, Effizienz und [&hellip;]<\/p>\n","protected":false},"author":4,"featured_media":2320,"comment_status":"open","ping_status":"open","sticky":false,"template":"","format":"standard","meta":{"footnotes":""},"categories":[11],"tags":[],"class_list":["post-2487","post","type-post","status-publish","format-standard","has-post-thumbnail","hentry","category-entkernung-und-demontage"],"_links":{"self":[{"href":"https:\/\/wir-entsorgen-sorgen.de\/tr\/wp-json\/wp\/v2\/posts\/2487","targetHints":{"allow":["GET"]}}],"collection":[{"href":"https:\/\/wir-entsorgen-sorgen.de\/tr\/wp-json\/wp\/v2\/posts"}],"about":[{"href":"https:\/\/wir-entsorgen-sorgen.de\/tr\/wp-json\/wp\/v2\/types\/post"}],"author":[{"embeddable":true,"href":"https:\/\/wir-entsorgen-sorgen.de\/tr\/wp-json\/wp\/v2\/users\/4"}],"replies":[{"embeddable":true,"href":"https:\/\/wir-entsorgen-sorgen.de\/tr\/wp-json\/wp\/v2\/comments?post=2487"}],"version-history":[{"count":3,"href":"https:\/\/wir-entsorgen-sorgen.de\/tr\/wp-json\/wp\/v2\/posts\/2487\/revisions"}],"predecessor-version":[{"id":2754,"href":"https:\/\/wir-entsorgen-sorgen.de\/tr\/wp-json\/wp\/v2\/posts\/2487\/revisions\/2754"}],"wp:featuredmedia":[{"embeddable":true,"href":"https:\/\/wir-entsorgen-sorgen.de\/tr\/wp-json\/wp\/v2\/media\/2320"}],"wp:attachment":[{"href":"https:\/\/wir-entsorgen-sorgen.de\/tr\/wp-json\/wp\/v2\/media?parent=2487"}],"wp:term":[{"taxonomy":"category","embeddable":true,"href":"https:\/\/wir-entsorgen-sorgen.de\/tr\/wp-json\/wp\/v2\/categories?post=2487"},{"taxonomy":"post_tag","embeddable":true,"href":"https:\/\/wir-entsorgen-sorgen.de\/tr\/wp-json\/wp\/v2\/tags?post=2487"}],"curies":[{"name":"wp","href":"https:\/\/api.w.org\/{rel}","templated":true}]}}